{"id":140009,"date":"2025-11-05T01:59:09","date_gmt":"2025-11-05T01:59:09","guid":{"rendered":"https:\/\/www.europesays.com\/pt\/140009\/"},"modified":"2025-11-05T01:59:09","modified_gmt":"2025-11-05T01:59:09","slug":"leonardo-dicaprio-pede-socorro-para-o-brasil-ao-mundo-esta-em-perigo","status":"publish","type":"post","link":"https:\/\/www.europesays.com\/pt\/140009\/","title":{"rendered":"Leonardo DiCaprio pede socorro para o Brasil ao mundo: &#8220;Est\u00e1 em perigo&#8221;"},"content":{"rendered":"<p>Nesta ter\u00e7a-feira (4), Leonardo DiCaprio usou as redes sociais para compartilhar um v\u00eddeo refletindo sobre a import\u00e2ncia da COP-30 e da Amaz\u00f4nia. Ligado \u00e0 luta pela causa ambiental, o ator pediu socorro para o Brasil e explicou que o futuro da humanidade est\u00e1 em jogo.<\/p>\n<p>continua depois da publicidade<\/p>\n<p>&#8220;O Brasil abriga 60% da Amaz\u00f4nia \u2013 os pulm\u00f5es da Terra e um dos sistemas de suporte \u00e0 vida mais vitais do nosso planeta. No entanto, ela est\u00e1 em perigo&#8221;, escreveu ele na legenda da publica\u00e7\u00e3o que fala sobre o evento que acontecer\u00e1 em Bel\u00e9m do Par\u00e1 nos dias entre os dias 10 e 21 de novembro.<\/p>\n<p>+\u00a0<a href=\"https:\/\/natelinha.uol.com.br\/televisao\/2025\/11\/04\/luciano-huck-entrevista-principe-william-para-o-domingao-233498.php\" rel=\"nofollow noopener\" target=\"_blank\">Luciano Huck entrevista pr\u00edncipe William para o Doming\u00e3o<\/a><\/p>\n<p>+\u00a0<a href=\"https:\/\/natelinha.uol.com.br\/famosos\/2025\/11\/04\/ex-prefeito-reclama-de-ator-que-o-interpretou-em-tremembe-sou-bonito-233494.php\" rel=\"nofollow noopener\" target=\"_blank\">Ex-prefeito reclama de ator que o interpretou em Trememb\u00e9: &#8220;Sou bonito&#8221;<\/a><\/p>\n<p>J\u00e1 no v\u00eddeo, o gal\u00e3 iniciou: &#8220;A partir desta semana, l\u00edderes mundiais se reunir\u00e3o em Bel\u00e9m, Brasil, para a COP-30, a primeira c\u00fapula global do clima realizada na floresta amaz\u00f4nica. Nas \u00faltimas quatro d\u00e9cadas, a agropecu\u00e1ria (pastagens e culturas para alimenta\u00e7\u00e3o animal) foi respons\u00e1vel por 95% do desmatamento na Amaz\u00f4nia brasileira&#8221;.<\/p>\n<p>continua depois da publicidade<\/p>\n<p>&#8220;Globalmente, a agropecu\u00e1ria e as ind\u00fastrias extrativistas, como a minera\u00e7\u00e3o e a explora\u00e7\u00e3o de petr\u00f3leo, causaram a destrui\u00e7\u00e3o de centenas de milh\u00f5es de hectares de ecossistemas insubstitu\u00edveis. Os povos ind\u00edgenas nos mostraram que a prote\u00e7\u00e3o da natureza \u00e9 a nossa solu\u00e7\u00e3o mais poderosa para as crises clim\u00e1ticas, de biodiversidade e de bem-estar humano&#8221;, seguiu.<\/p>\n<p><a href=\"https:\/\/natelinha.uol.com.br\/famosos\/tudo-sobre\/leonardo-dicaprio\" rel=\"nofollow noopener\" target=\"_blank\">Leonardo DiCaprio<\/a> falou mais sobre os povos ind\u00edgenas: &#8220;A Re:wild [ONG ambientalista] tem a honra de fazer parte do Desafio de Prote\u00e7\u00e3o do Nosso Planeta, juntamente com outros parceiros, e se comprometer\u00e1 a destinar mais US$ 500 milh\u00f5es para o esfor\u00e7o do Grupo de Financiadores de Titula\u00e7\u00e3o de Terras Florestais, a fim de ajudar os povos ind\u00edgenas e as comunidades locais a protegerem suas terras ancestrais&#8221;.<\/p>\n<p>continua depois da publicidade<\/p>\n<p>&#8220;Nossos l\u00edderes mundiais na COP-30 tamb\u00e9m devem garantir aos guardi\u00f5es mais eficazes da natureza os recursos necess\u00e1rios para que continuem protegendo esses ecossistemas vitais, por meio de mecanismos como o Fundo Florestas Tropicais para Sempre. Exorto os l\u00edderes a se unirem e a agirem \u00e0 altura do desafio. Nosso futuro depende disso&#8221;, finalizou ele, que limitou os coment\u00e1rios do post.<\/p>\n<p>Confira o discurso de Leonardo DiCaprio:<\/p>\n<blockquote class=\"instagram-media\" data-instgrm-captioned=\"\" data-instgrm-version=\"7\" style=\"width:100%;\"><p>\n\t\t\t\t\t\t\t\t\t<a href=\"https:\/\/www.instagram.com\/p\/DQpkVjbkofz\/\" rel=\"nofollow noopener\" target=\"_blank\">\n\t\t\t\t\t\t\t\t<\/p><\/blockquote>\n<p>                    <script async src=\"\/\/www.instagram.com\/embed.js\"><\/script><\/p>\n","protected":false},"excerpt":{"rendered":"Nesta ter\u00e7a-feira (4), Leonardo DiCaprio usou as redes sociais para compartilhar um v\u00eddeo refletindo sobre a import\u00e2ncia da&hellip;\n","protected":false},"author":2,"featured_media":140010,"comment_status":"","ping_status":"","sticky":false,"template":"","format":"standard","meta":{"footnotes":""},"categories":[145],"tags":[989,211,210,114,115,8499,32,33],"class_list":{"0":"post-140009","1":"post","2":"type-post","3":"status-publish","4":"format-standard","5":"has-post-thumbnail","7":"category-celebridades","8":"tag-amazonia","9":"tag-celebridades","10":"tag-celebrities","11":"tag-entertainment","12":"tag-entretenimento","13":"tag-leonardo-dicaprio","14":"tag-portugal","15":"tag-pt"},"share_on_mastodon":{"url":"https:\/\/pubeurope.com\/@pt\/115494621246817512","error":""},"_links":{"self":[{"href":"https:\/\/www.europesays.com\/pt\/wp-json\/wp\/v2\/posts\/140009","targetHints":{"allow":["GET"]}}],"collection":[{"href":"https:\/\/www.europesays.com\/pt\/wp-json\/wp\/v2\/posts"}],"about":[{"href":"https:\/\/www.europesays.com\/pt\/wp-json\/wp\/v2\/types\/post"}],"author":[{"embeddable":true,"href":"https:\/\/www.europesays.com\/pt\/wp-json\/wp\/v2\/users\/2"}],"replies":[{"embeddable":true,"href":"https:\/\/www.europesays.com\/pt\/wp-json\/wp\/v2\/comments?post=140009"}],"version-history":[{"count":0,"href":"https:\/\/www.europesays.com\/pt\/wp-json\/wp\/v2\/posts\/140009\/revisions"}],"wp:featuredmedia":[{"embeddable":true,"href":"https:\/\/www.europesays.com\/pt\/wp-json\/wp\/v2\/media\/140010"}],"wp:attachment":[{"href":"https:\/\/www.europesays.com\/pt\/wp-json\/wp\/v2\/media?parent=140009"}],"wp:term":[{"taxonomy":"category","embeddable":true,"href":"https:\/\/www.europesays.com\/pt\/wp-json\/wp\/v2\/categories?post=140009"},{"taxonomy":"post_tag","embeddable":true,"href":"https:\/\/www.europesays.com\/pt\/wp-json\/wp\/v2\/tags?post=140009"}],"curies":[{"name":"wp","href":"https:\/\/api.w.org\/{rel}","templated":true}]}}