{"id":140019,"date":"2025-11-05T02:11:26","date_gmt":"2025-11-05T02:11:26","guid":{"rendered":"https:\/\/www.europesays.com\/pt\/140019\/"},"modified":"2025-11-05T02:11:26","modified_gmt":"2025-11-05T02:11:26","slug":"turista-suico-morre-na-praia-formosa-vitima-de-doenca-subita","status":"publish","type":"post","link":"https:\/\/www.europesays.com\/pt\/140019\/","title":{"rendered":"Turista su\u00ed\u00e7o morre na Praia Formosa v\u00edtima de doen\u00e7a s\u00fabita"},"content":{"rendered":"\n<p class=\"p_0\">Um turista su\u00ed\u00e7o, 71 anos, faleceu esta tarde na Praia Formosa, na zona do Areeiro, junto ao hotel Orca Praia, na Estrada Monumental.<\/p>\n<p class=\"p_1\">De acordo com informa\u00e7\u00f5es apuradas pelo JM, a v\u00edtima ter\u00e1 sido acometida por uma doen\u00e7a s\u00fabita, entrando em paragem cardiorrespirat\u00f3ria. Populares que se encontravam no local retiraram o homem da \u00e1gua e iniciaram de imediato manobras de reanima\u00e7\u00e3o de suporte b\u00e1sico de vida, antes da chegada das equipas da EMIR e da Cruz Vermelha Portuguesa (CVP).<\/p>\n<p class=\"p_2\">Apesar dos esfor\u00e7os das equipas de emerg\u00eancia, as manobras de suporte avan\u00e7ado de vida revelaram-se infrut\u00edferas e o \u00f3bito foi declarado no local pelo m\u00e9dico da EMIR. O corpo permanece na praia, aguardando a chegada do delegado de sa\u00fade, que ir\u00e1 proceder \u00e0 recolha de ind\u00edcios para determinar as poss\u00edveis causas da morte.<\/p>\n<p class=\"p_3\">Desde agosto, esta \u00e9 j\u00e1 a quarta morte registada no mar na Regi\u00e3o, por afogamento ou outras causas. Duas dessas ocorr\u00eancias verificaram-se em plena \u00e9poca balnear. Uma delas aconteceu tamb\u00e9m na Praia Formosa, a 26 de agosto.<\/p>\n<p class=\"p_4\">No balan\u00e7o da \u00e9poca balnear de 2025, foi ainda registado um \u00f3bito por afogamento na Ponta do Passo, no Porto Santo, a 12 de setembro, numa zona mar\u00edtima n\u00e3o vigiada. J\u00e1 ontem, na Praia da Maiata, um turista irland\u00eas perdeu a vida ao tentar salvar a filha.<\/p>\n<p class=\"p_5\">Com a morte deste cidad\u00e3o alem\u00e3o, s\u00e3o j\u00e1 dois os turistas que perderam a vida fora da \u00e9poca balnear, em menos de 24 horas.<\/p>\n","protected":false},"excerpt":{"rendered":"Um turista su\u00ed\u00e7o, 71 anos, faleceu esta tarde na Praia Formosa, na zona do Areeiro, junto ao hotel&hellip;\n","protected":false},"author":2,"featured_media":140020,"comment_status":"","ping_status":"","sticky":false,"template":"","format":"standard","meta":{"footnotes":""},"categories":[10],"tags":[27,28,15,16,14,25,26,21,22,12,13,19,20,32,80,23,24,33,17,18,29,30,31],"class_list":{"0":"post-140019","1":"post","2":"type-post","3":"status-publish","4":"format-standard","5":"has-post-thumbnail","7":"category-portugal","8":"tag-breaking-news","9":"tag-breakingnews","10":"tag-featured-news","11":"tag-featurednews","12":"tag-headlines","13":"tag-latest-news","14":"tag-latestnews","15":"tag-main-news","16":"tag-mainnews","17":"tag-news","18":"tag-noticias","19":"tag-noticias-principais","20":"tag-noticiasprincipais","21":"tag-portugal","22":"tag-praia","23":"tag-principais-noticias","24":"tag-principaisnoticias","25":"tag-pt","26":"tag-top-stories","27":"tag-topstories","28":"tag-ultimas","29":"tag-ultimas-noticias","30":"tag-ultimasnoticias"},"share_on_mastodon":{"url":"https:\/\/pubeurope.com\/@pt\/115494668372899686","error":""},"_links":{"self":[{"href":"https:\/\/www.europesays.com\/pt\/wp-json\/wp\/v2\/posts\/140019","targetHints":{"allow":["GET"]}}],"collection":[{"href":"https:\/\/www.europesays.com\/pt\/wp-json\/wp\/v2\/posts"}],"about":[{"href":"https:\/\/www.europesays.com\/pt\/wp-json\/wp\/v2\/types\/post"}],"author":[{"embeddable":true,"href":"https:\/\/www.europesays.com\/pt\/wp-json\/wp\/v2\/users\/2"}],"replies":[{"embeddable":true,"href":"https:\/\/www.europesays.com\/pt\/wp-json\/wp\/v2\/comments?post=140019"}],"version-history":[{"count":0,"href":"https:\/\/www.europesays.com\/pt\/wp-json\/wp\/v2\/posts\/140019\/revisions"}],"wp:featuredmedia":[{"embeddable":true,"href":"https:\/\/www.europesays.com\/pt\/wp-json\/wp\/v2\/media\/140020"}],"wp:attachment":[{"href":"https:\/\/www.europesays.com\/pt\/wp-json\/wp\/v2\/media?parent=140019"}],"wp:term":[{"taxonomy":"category","embeddable":true,"href":"https:\/\/www.europesays.com\/pt\/wp-json\/wp\/v2\/categories?post=140019"},{"taxonomy":"post_tag","embeddable":true,"href":"https:\/\/www.europesays.com\/pt\/wp-json\/wp\/v2\/tags?post=140019"}],"curies":[{"name":"wp","href":"https:\/\/api.w.org\/{rel}","templated":true}]}}