{"id":140021,"date":"2025-11-05T02:14:09","date_gmt":"2025-11-05T02:14:09","guid":{"rendered":"https:\/\/www.europesays.com\/pt\/140021\/"},"modified":"2025-11-05T02:14:09","modified_gmt":"2025-11-05T02:14:09","slug":"morre-norma-braga-irma-do-cantor-roberto-carlos-aos-90-anos","status":"publish","type":"post","link":"https:\/\/www.europesays.com\/pt\/140021\/","title":{"rendered":"Morre Norma Braga, irm\u00e3 do cantor Roberto Carlos, aos 90 anos"},"content":{"rendered":"\n<p>Norma Braga, irm\u00e3 do cantor Roberto Carlos, morreu nesta ter\u00e7a-feira (04) aos 90 anos.<br \/>Causa n\u00e3o foi divulgada. A informa\u00e7\u00e3o foi confirmada \u00e0 reportagem pela Casa de Sa\u00fade S\u00e3o Jos\u00e9. <\/p>\n<p>Ela estava internada na unidade de sa\u00fade h\u00e1 cerca de tr\u00eas semanas para tratar problemas respirat\u00f3rios. <\/p>\n<p>Roberto Carlos, 84, \u00e9 o ca\u00e7ula dos quatro filhos de Laura Moreira Braga e Robertino Braga. Com a morte de Norma, ele fica sem irm\u00e3os vivos.<\/p>\n","protected":false},"excerpt":{"rendered":"Norma Braga, irm\u00e3 do cantor Roberto Carlos, morreu nesta ter\u00e7a-feira (04) aos 90 anos.Causa n\u00e3o foi divulgada. A&hellip;\n","protected":false},"author":2,"featured_media":140022,"comment_status":"","ping_status":"","sticky":false,"template":"","format":"standard","meta":{"footnotes":""},"categories":[145],"tags":[1710,211,210,114,115,12195,31152,32,33,3976],"class_list":{"0":"post-140021","1":"post","2":"type-post","3":"status-publish","4":"format-standard","5":"has-post-thumbnail","7":"category-celebridades","8":"tag-cantor","9":"tag-celebridades","10":"tag-celebrities","11":"tag-entertainment","12":"tag-entretenimento","13":"tag-irma","14":"tag-norma-braga","15":"tag-portugal","16":"tag-pt","17":"tag-roberto-carlos"},"share_on_mastodon":{"url":"https:\/\/pubeurope.com\/@pt\/115494680232080223","error":""},"_links":{"self":[{"href":"https:\/\/www.europesays.com\/pt\/wp-json\/wp\/v2\/posts\/140021","targetHints":{"allow":["GET"]}}],"collection":[{"href":"https:\/\/www.europesays.com\/pt\/wp-json\/wp\/v2\/posts"}],"about":[{"href":"https:\/\/www.europesays.com\/pt\/wp-json\/wp\/v2\/types\/post"}],"author":[{"embeddable":true,"href":"https:\/\/www.europesays.com\/pt\/wp-json\/wp\/v2\/users\/2"}],"replies":[{"embeddable":true,"href":"https:\/\/www.europesays.com\/pt\/wp-json\/wp\/v2\/comments?post=140021"}],"version-history":[{"count":0,"href":"https:\/\/www.europesays.com\/pt\/wp-json\/wp\/v2\/posts\/140021\/revisions"}],"wp:featuredmedia":[{"embeddable":true,"href":"https:\/\/www.europesays.com\/pt\/wp-json\/wp\/v2\/media\/140022"}],"wp:attachment":[{"href":"https:\/\/www.europesays.com\/pt\/wp-json\/wp\/v2\/media?parent=140021"}],"wp:term":[{"taxonomy":"category","embeddable":true,"href":"https:\/\/www.europesays.com\/pt\/wp-json\/wp\/v2\/categories?post=140021"},{"taxonomy":"post_tag","embeddable":true,"href":"https:\/\/www.europesays.com\/pt\/wp-json\/wp\/v2\/tags?post=140021"}],"curies":[{"name":"wp","href":"https:\/\/api.w.org\/{rel}","templated":true}]}}