{"id":140025,"date":"2025-11-05T02:20:09","date_gmt":"2025-11-05T02:20:09","guid":{"rendered":"https:\/\/www.europesays.com\/pt\/140025\/"},"modified":"2025-11-05T02:20:09","modified_gmt":"2025-11-05T02:20:09","slug":"nao-me-vejo-a-trabalhar-num-registo-de-subalternidade-relativamente-a-algumas-das-pessoas-que-ele-escolheu","status":"publish","type":"post","link":"https:\/\/www.europesays.com\/pt\/140025\/","title":{"rendered":"\u00abN\u00e3o me vejo a trabalhar num registo de subalternidade relativamente a algumas das pessoas que ele escolheu\u00bb"},"content":{"rendered":"<p>&#8211; Advertisement &#8211;<\/p>\n<p><strong>M\u00e1rio Branco confirmou que vai deixar a estrutura do Benfica, caso Jo\u00e3o Noronha Lopes ven\u00e7a as elei\u00e7\u00f5es do dia 8 de novembro.<\/strong><\/p>\n<p>M\u00e1rio Branco anunciou que n\u00e3o vai continuar no Benfica, caso <a href=\"https:\/\/bolanarede.pt\/etiqueta\/joao-noronha-lopes\/\" target=\"_blank\" rel=\"noreferrer noopener nofollow\">Jo\u00e3o Noronha Lopes<\/a> ven\u00e7a as elei\u00e7\u00f5es da segunda volta para a presid\u00eancia do emblema encarnado. O atual diretor das \u00e1guias assumiu que n\u00e3o se v\u00ea a trabalhar com algumas pessoas da lista do gestor:<\/p>\n<p>\u00abCom a minha experi\u00eancia, trajeto e personalidade, n\u00e3o me vejo a trabalhar num registo de subalternidade relativamente a algumas das pessoas que ele escolheu. Por isso, obviamente, n\u00e3o continuarei no Benfica se o candidato Noronha Lopes for eleito Presidente\u00bb, admitiu ao jornal Record.<\/p>\n<p>Recordar que Pedro Ferreira e Tom\u00e1s Amaral s\u00e3o os dois nomes que v\u00e3o coordenar o futebol do Benfica, caso Jo\u00e3o Noronha Lopes ven\u00e7a as elei\u00e7\u00f5es.<\/p>\n","protected":false},"excerpt":{"rendered":"&#8211; Advertisement &#8211; M\u00e1rio Branco confirmou que vai deixar a estrutura do Benfica, caso Jo\u00e3o Noronha Lopes ven\u00e7a&hellip;\n","protected":false},"author":2,"featured_media":140026,"comment_status":"","ping_status":"","sticky":false,"template":"","format":"standard","meta":{"footnotes":""},"categories":[87],"tags":[260,51,135,478,9940,5021,32,33,134],"class_list":{"0":"post-140025","1":"post","2":"type-post","3":"status-publish","4":"format-standard","5":"has-post-thumbnail","7":"category-desporto","8":"tag-atualidade","9":"tag-benfica","10":"tag-desporto","11":"tag-destaques-bnr","12":"tag-joao-noronha-lopes","13":"tag-mario-branco","14":"tag-portugal","15":"tag-pt","16":"tag-sports"},"share_on_mastodon":{"url":"https:\/\/pubeurope.com\/@pt\/115494703833392372","error":""},"_links":{"self":[{"href":"https:\/\/www.europesays.com\/pt\/wp-json\/wp\/v2\/posts\/140025","targetHints":{"allow":["GET"]}}],"collection":[{"href":"https:\/\/www.europesays.com\/pt\/wp-json\/wp\/v2\/posts"}],"about":[{"href":"https:\/\/www.europesays.com\/pt\/wp-json\/wp\/v2\/types\/post"}],"author":[{"embeddable":true,"href":"https:\/\/www.europesays.com\/pt\/wp-json\/wp\/v2\/users\/2"}],"replies":[{"embeddable":true,"href":"https:\/\/www.europesays.com\/pt\/wp-json\/wp\/v2\/comments?post=140025"}],"version-history":[{"count":0,"href":"https:\/\/www.europesays.com\/pt\/wp-json\/wp\/v2\/posts\/140025\/revisions"}],"wp:featuredmedia":[{"embeddable":true,"href":"https:\/\/www.europesays.com\/pt\/wp-json\/wp\/v2\/media\/140026"}],"wp:attachment":[{"href":"https:\/\/www.europesays.com\/pt\/wp-json\/wp\/v2\/media?parent=140025"}],"wp:term":[{"taxonomy":"category","embeddable":true,"href":"https:\/\/www.europesays.com\/pt\/wp-json\/wp\/v2\/categories?post=140025"},{"taxonomy":"post_tag","embeddable":true,"href":"https:\/\/www.europesays.com\/pt\/wp-json\/wp\/v2\/tags?post=140025"}],"curies":[{"name":"wp","href":"https:\/\/api.w.org\/{rel}","templated":true}]}}