{"id":140057,"date":"2025-11-05T03:02:25","date_gmt":"2025-11-05T03:02:25","guid":{"rendered":"https:\/\/www.europesays.com\/pt\/140057\/"},"modified":"2025-11-05T03:02:25","modified_gmt":"2025-11-05T03:02:25","slug":"aos-gritos-pedro-reage-as-provocacoes-de-bruna-e-ana-cristina-nao-me-toques-noticias-de-hoje-iol","status":"publish","type":"post","link":"https:\/\/www.europesays.com\/pt\/140057\/","title":{"rendered":"Aos gritos, Pedro reage \u00e0s provoca\u00e7\u00f5es de Bruna e Ana Cristina: \u00abN\u00e3o me toques!\u00bb &#8211; Not\u00edcias de hoje &#8211; IOL"},"content":{"rendered":"<ol>\n<li><a href=\"https:\/\/news.google.com\/rss\/articles\/CBMiygFBVV95cUxQY0F0eEVPem1MVHFWSmJEU3hmeEdNSGZvdGpNYW1Ub2NRU0RoYUVINWZTU1ZzUmJfbzVNeU9fZ0NXRHRKbVZ5LUlEZHVkcm9JVkdVMXVhQjZoNTJwWHZFWDNDblhZUnJEc0lrMTRoTU5PWXFqbWNyRUNIQm4tNXo0U3BaeUJlTk01OVlBOWFXdWc5ZEF4Wm1aMFoyU1RJUzJXanNZOXZhS2c3VlJ0amJoa0JKRnQ3MWZmQzBVRENBWEJhUERBcHVZSm9R?oc=5\" target=\"_blank\" rel=\"nofollow noopener\">Aos gritos, Pedro reage \u00e0s provoca\u00e7\u00f5es de Bruna e Ana Cristina: \u00abN\u00e3o me toques!\u00bb<\/a>&nbsp;&nbsp;Not\u00edcias de hoje &#8211; IOL<\/li>\n<li><a href=\"https:\/\/news.google.com\/rss\/articles\/CBMi3AFBVV95cUxQaWRMUFZJeVE0SHBpNHdRWnlvMDl1bWR6M3pyblF5Y0ZETW44Z05QUnFoUGxoS3lXLWZ6LXE5ck81UTdtMkN3aEpHcmxDYlN5NlhMY3VCZzlhc2JZVEN5Tl9rZWxWY0FYaV9JSmRaamZaUElLTXJNenhLLWdvRFJ5Wm5ueWVGczNfbW5yLV8tRklUcExnRDNHUzI1RVlyWkhCNzlNeVF2RVdjNTJpYlZpUm9YZ01HVGNzZm4wLVM5RU1FdEpaaGRHVVhnUkhpZVJQdnF6a2VNM2FPVEJU?oc=5\" target=\"_blank\" rel=\"nofollow noopener\">Casa dos Segredos- Bomba! Leandro descobre segredo de Marisa: \u201cEst\u00e3o aqui a dar uma tanga muito gira\u201d<\/a>&nbsp;&nbsp;SAPO<\/li>\n<li><a href=\"https:\/\/news.google.com\/rss\/articles\/CBMimwFBVV95cUxNVXdQWi1vd3d2bE8xaDhzSWlrQzB6bVJVUVlTRGpmNDhrWS1rWmszVjZlSW5EQ2NDTWdnU2RQdU5VNE9rOTdCemRDM0tOWVZFa3plZjZ3bW5Oa2l5ZnlUUHpDWWpoUE9mTW5JdjBHLWpEV09SVlZDQkgyU2s0UFZVeVczdDExbFZYYXdZTUhpQ2twQnpzODZqbFhzQQ?oc=5\" target=\"_blank\" rel=\"nofollow noopener\">Leandro acusa Pedro Jorge de estar abusado na rela\u00e7\u00e3o de Liliana e F\u00e1bio<\/a>&nbsp;&nbsp;Dioguinho<\/li>\n<li><a href=\"https:\/\/news.google.com\/rss\/articles\/CBMixwFBVV95cUxPeFpSdUtNRms0WkJkSWZCZkxKLWd6b0FqMVZjT1BxS0ZuWUpMdnNHRFBraG10aXFWeFYyMmRBdnY5Wm5QZHRLMS1HaUYwTDFQaUhRd013SjBpSlB4cGpHSUVkcmxRTkUwVWxqRU5IRkFQUlJSelpDMS1nUjFqTjdpZ0hVVnplX04yZGROQ1R3OHhSeEhFelhLRFZaUFhjZWo2aUpScjlJMDJBVkYyY3pZMTFPQWYxZ1F6T01qNGp6cU5PclJGLWpR?oc=5\" target=\"_blank\" rel=\"nofollow noopener\">Casa dos Segredos Um dos concorrentes \u00e9 filho de um cantor? Leandro sabe quem \u00e9 o famoso!<\/a>&nbsp;&nbsp;Portal Impala<\/li>\n<li><a href=\"https:\/\/news.google.com\/rss\/articles\/CBMieEFVX3lxTE1EUEhGbzJUMjYxOHM0VE9yb0NEekwzeFRzVDR0M0VOTkp0T2YtUnktcTJHOEVXLXVMSVlxQ3N3Q1BadHdPSUJrMVIyLXU2UUh5U2txNmk0RkkzV1dDZVlTNlJYUm1wSlYwcU12LUV2Q0lKeGxBZF9Leg?oc=5\" target=\"_blank\" rel=\"nofollow noopener\">Secret Story: Leandro pr\u00f3ximo do segredo de Marisa<\/a>&nbsp;&nbsp;infocul.pt<\/li>\n<\/ol>\n","protected":false},"excerpt":{"rendered":"Aos gritos, Pedro reage \u00e0s provoca\u00e7\u00f5es de Bruna e Ana Cristina: \u00abN\u00e3o me toques!\u00bb&nbsp;&nbsp;Not\u00edcias de hoje &#8211; IOL&hellip;\n","protected":false},"author":2,"featured_media":140058,"comment_status":"","ping_status":"","sticky":false,"template":"","format":"standard","meta":{"footnotes":""},"categories":[142],"tags":[1997,114,115,488,13,21416,32,33,151],"class_list":{"0":"post-140057","1":"post","2":"type-post","3":"status-publish","4":"format-standard","5":"has-post-thumbnail","7":"category-tv","8":"tag-bruna","9":"tag-entertainment","10":"tag-entretenimento","11":"tag-iol","12":"tag-noticias","13":"tag-pedro-jorge","14":"tag-portugal","15":"tag-pt","16":"tag-tv"},"share_on_mastodon":{"url":"https:\/\/pubeurope.com\/@pt\/115494869009545110","error":""},"_links":{"self":[{"href":"https:\/\/www.europesays.com\/pt\/wp-json\/wp\/v2\/posts\/140057","targetHints":{"allow":["GET"]}}],"collection":[{"href":"https:\/\/www.europesays.com\/pt\/wp-json\/wp\/v2\/posts"}],"about":[{"href":"https:\/\/www.europesays.com\/pt\/wp-json\/wp\/v2\/types\/post"}],"author":[{"embeddable":true,"href":"https:\/\/www.europesays.com\/pt\/wp-json\/wp\/v2\/users\/2"}],"replies":[{"embeddable":true,"href":"https:\/\/www.europesays.com\/pt\/wp-json\/wp\/v2\/comments?post=140057"}],"version-history":[{"count":0,"href":"https:\/\/www.europesays.com\/pt\/wp-json\/wp\/v2\/posts\/140057\/revisions"}],"wp:featuredmedia":[{"embeddable":true,"href":"https:\/\/www.europesays.com\/pt\/wp-json\/wp\/v2\/media\/140058"}],"wp:attachment":[{"href":"https:\/\/www.europesays.com\/pt\/wp-json\/wp\/v2\/media?parent=140057"}],"wp:term":[{"taxonomy":"category","embeddable":true,"href":"https:\/\/www.europesays.com\/pt\/wp-json\/wp\/v2\/categories?post=140057"},{"taxonomy":"post_tag","embeddable":true,"href":"https:\/\/www.europesays.com\/pt\/wp-json\/wp\/v2\/tags?post=140057"}],"curies":[{"name":"wp","href":"https:\/\/api.w.org\/{rel}","templated":true}]}}