{"id":140082,"date":"2025-11-05T03:56:16","date_gmt":"2025-11-05T03:56:16","guid":{"rendered":"https:\/\/www.europesays.com\/pt\/140082\/"},"modified":"2025-11-05T03:56:16","modified_gmt":"2025-11-05T03:56:16","slug":"herdeiros-de-sutherland-travam-livro-de-memorias-do-ator-observador","status":"publish","type":"post","link":"https:\/\/www.europesays.com\/pt\/140082\/","title":{"rendered":"Herdeiros de Sutherland travam livro de mem\u00f3rias do ator \u2013 Observador"},"content":{"rendered":"<p>Os herdeiros de Donald Sutherland, <a href=\"https:\/\/observador.pt\/2024\/06\/20\/morreu-donald-sutherland-aos-88-anos\/\" rel=\"nofollow noopener\" target=\"_blank\">que morreu com 88 anos em junho de 2024<\/a>, est\u00e3o a bloquear a publica\u00e7\u00e3o das mem\u00f3rias que o ator canadiano escreveu antes de morrer. A decis\u00e3o levou a editora Penguin Random House a avan\u00e7ar com um <strong>processo judicial<\/strong> nos Estados Unidos, alegando incumprimento contratual, noticiou o <a href=\"https:\/\/www.hollywoodreporter.com\/business\/business-news\/donald-sutherland-memoir-blocked-late-actors-estate-1236415139\/\" rel=\"nofollow noopener\" target=\"_blank\">The Hollywood Reporter<\/a>.<\/p>\n<p>Cerca de tr\u00eas meses antes da morte do \u00edcone de Hollywood, a editora tinha anunciado um acordo para lan\u00e7ar o livro Made Up, But Still True, com lan\u00e7amento marcado para 12 de novembro de 2024. O projeto tinha como objetivo ser um <strong>relato aut\u00eantico e bem-humorado sobre a vida e a carreira de Sutherland <\/strong>, com hist\u00f3rias pessoais e bastidores de filmes considerados emblem\u00e1ticos. No entanto, o ator morreu antes de entregar o livro.<\/p>\n<p>Segundo o processo apresentado no final de outubro num tribunal federal de Nova Iorque, a Penguin Random House acusa a empresa do ator, McNichol Pictures, de violar o contrato assinado e de <strong>reter o livro por vontade dos herdeiros<\/strong>. A editora exige, assim, a devolu\u00e7\u00e3o do adiantamento de 347 mil euros pago \u00e0 empresa, parte de um valor total acordado de 1,05 milh\u00f5es de euros.<\/p>\n<p>Fontes ligadas ao caso, citadas pelo <a href=\"https:\/\/elpais.com\/gente\/2025-11-04\/los-herederos-de-donald-sutherland-bloquean-la-publicacion-de-las-memorias-que-el-actor-dejo-escritas-antes-de-morir.html\" rel=\"nofollow noopener\" target=\"_blank\">El Pa\u00eds<\/a>, indicam que a fam\u00edlia do ator \u2014 a vi\u00fava, Francine Racette, e os cinco filhos, Kiefer, Rachel, Roeg, Rossif e Angus \u2014 n\u00e3o concordam com a publica\u00e7\u00e3o do livro devido \u00e0 \u201chonestidade crua\u201d e os \u201cdetalhes chocantes\u201d. As mem\u00f3rias incluem relatos muito pessoais, como a rela\u00e7\u00e3o extraconjugal de Sutherland com Jane Fonda nos anos 1970, <strong>que levou ao fim do seu segundo casamento<\/strong>.<\/p>\n<p>A editora alega que tentou obter o livro depois da morte do ator, mas sem sucesso. Enquanto o caso segue para os tribunais, a publica\u00e7\u00e3o de Made Up, But Still True foi adiada para 2026. Fontes pr\u00f3ximas da editora admitem que, caso o livro venha a ser lan\u00e7ado, dever\u00e1 surgir numa <strong>vers\u00e3o editada e menos expl\u00edcita<\/strong>.<\/p>\n<p class=\"tinymceh1\"><strong>[H\u00e1 d\u00favidas at\u00e9 ao fim que acabam na vit\u00f3ria mais curta da Hist\u00f3ria.\u00a0A\u00a0<a href=\"https:\/\/observador.pt\/wp-admin\/post.php?post=7685876&amp;action=edit\" rel=\"nofollow noopener\" target=\"_blank\">\u201cElei\u00e7\u00e3o Mais Louca de Sempre\u201d<\/a>\u00a0\u00e9 o novo Podcast Plus do Observador sobre as Presidenciais de 1986. Uma s\u00e9rie narrada pelo ator Gon\u00e7alo Waddington, com banda sonora original de Samuel \u00daria. Pode ouvir o \u00faltimo epis\u00f3dio\u00a0<a href=\"https:\/\/observador.pt\/programas\/a-eleio-mais-louca-de-sempre\/episodio-6-a-vitoria-mais-curta-da-historia\/\" rel=\"nofollow noopener\" target=\"_blank\">aqui<\/a>, no\u00a0Observador, e tamb\u00e9m na\u00a0<a href=\"https:\/\/podcasts.apple.com\/pt\/podcast\/epis%C3%B3dio-6-a-vit%C3%B3ria-mais-curta-da-hist%C3%B3ria\/id1841273464?i=1000735108841\" rel=\"nofollow noopener\" target=\"_blank\">Apple Podcasts<\/a>, no\u00a0<a href=\"https:\/\/open.spotify.com\/episode\/01P6DWg39vDsqRDF9hHto6?si=32fb673d4e6f476f\" rel=\"nofollow noopener\" target=\"_blank\">Spotify<\/a>\u00a0e no\u00a0<a href=\"https:\/\/music.youtube.com\/watch?v=tC9N52JuIbI&amp;si=yDUA94GtcmbZxfYl\" rel=\"nofollow noopener\" target=\"_blank\">Youtube Music<\/a>. E pode ouvir o primeiro epis\u00f3dio\u00a0<a href=\"https:\/\/observador.pt\/programas\/a-eleio-mais-louca-de-sempre\/estreia-a-eleicao-mais-louca-de-sempre-episodio-1-apostamos-no-cavalo-errado\/\" target=\"_blank\" rel=\"noopener nofollow\">aqui<\/a>,\u00a0o segundo\u00a0<a href=\"https:\/\/observador.pt\/programas\/a-eleio-mais-louca-de-sempre\/episodio-2-uma-traicao-inesperada\/\" target=\"_blank\" rel=\"noopener nofollow\">aqui<\/a>,\u00a0o terceiro\u00a0<a href=\"https:\/\/observador.pt\/programas\/a-eleio-mais-louca-de-sempre\/episodio-3-ele-nao-e-meu-irmao\/\" rel=\"nofollow noopener\" target=\"_blank\">aqui<\/a>, o\u00a0<a href=\"https:\/\/observador.pt\/programas\/a-eleio-mais-louca-de-sempre\/episodio-4-portugal-nao-e-moscovo\/\" rel=\"nofollow noopener\" target=\"_blank\">quarto<\/a>\u00a0aqui e o\u00a0<a href=\"https:\/\/observador.pt\/programas\/a-eleio-mais-louca-de-sempre\/episodio-5-uma-armadilha-em-direto\/\" rel=\"nofollow noopener\" target=\"_blank\">quinto\u00a0<\/a>aqui]<\/strong><\/p>\n<p><a href=\"https:\/\/observador.pt\/programas\/a-eleio-mais-louca-de-sempre\/episodio-6-a-vitoria-mais-curta-da-historia\/\" rel=\"nofollow noopener\" target=\"_blank\"><\/p>\n<p>        <img src=\"https:\/\/www.europesays.com\/pt\/wp-content\/uploads\/2025\/10\/1761878958_488_770-a-eleicao-mais-louca-de-sempre-playicon.png\" alt=\"\" loading=\"lazy\" decoding=\"async\" class=\"alignnone\" onload=\"this.parentElement.classList.remove('spinner')\" onerror=\"this.parentElement.classList.remove('spinner')\" width=\"770\" height=\"433\"\/>    <\/p>\n<p><\/a><\/p>\n","protected":false},"excerpt":{"rendered":"Os herdeiros de Donald Sutherland, que morreu com 88 anos em junho de 2024, est\u00e3o a bloquear a&hellip;\n","protected":false},"author":2,"featured_media":140083,"comment_status":"","ping_status":"","sticky":false,"template":"","format":"standard","meta":{"footnotes":""},"categories":[145],"tags":[624,211,210,470,315,114,115,623,2595,864,170,62,32,33],"class_list":{"0":"post-140082","1":"post","2":"type-post","3":"status-publish","4":"format-standard","5":"has-post-thumbnail","7":"category-celebridades","8":"tag-amu00e9rica","9":"tag-celebridades","10":"tag-celebrities","11":"tag-cinema","12":"tag-cultura","13":"tag-entertainment","14":"tag-entretenimento","15":"tag-estados-unidos-da-amu00e9rica","16":"tag-hollywood","17":"tag-literatura","18":"tag-livros","19":"tag-mundo","20":"tag-portugal","21":"tag-pt"},"share_on_mastodon":{"url":"https:\/\/pubeurope.com\/@pt\/115495081537427957","error":""},"_links":{"self":[{"href":"https:\/\/www.europesays.com\/pt\/wp-json\/wp\/v2\/posts\/140082","targetHints":{"allow":["GET"]}}],"collection":[{"href":"https:\/\/www.europesays.com\/pt\/wp-json\/wp\/v2\/posts"}],"about":[{"href":"https:\/\/www.europesays.com\/pt\/wp-json\/wp\/v2\/types\/post"}],"author":[{"embeddable":true,"href":"https:\/\/www.europesays.com\/pt\/wp-json\/wp\/v2\/users\/2"}],"replies":[{"embeddable":true,"href":"https:\/\/www.europesays.com\/pt\/wp-json\/wp\/v2\/comments?post=140082"}],"version-history":[{"count":0,"href":"https:\/\/www.europesays.com\/pt\/wp-json\/wp\/v2\/posts\/140082\/revisions"}],"wp:featuredmedia":[{"embeddable":true,"href":"https:\/\/www.europesays.com\/pt\/wp-json\/wp\/v2\/media\/140083"}],"wp:attachment":[{"href":"https:\/\/www.europesays.com\/pt\/wp-json\/wp\/v2\/media?parent=140082"}],"wp:term":[{"taxonomy":"category","embeddable":true,"href":"https:\/\/www.europesays.com\/pt\/wp-json\/wp\/v2\/categories?post=140082"},{"taxonomy":"post_tag","embeddable":true,"href":"https:\/\/www.europesays.com\/pt\/wp-json\/wp\/v2\/tags?post=140082"}],"curies":[{"name":"wp","href":"https:\/\/api.w.org\/{rel}","templated":true}]}}