{"id":140088,"date":"2025-11-05T04:09:16","date_gmt":"2025-11-05T04:09:16","guid":{"rendered":"https:\/\/www.europesays.com\/pt\/140088\/"},"modified":"2025-11-05T04:09:16","modified_gmt":"2025-11-05T04:09:16","slug":"reforma-provavelmente-vou-chorar-diz-ronaldo-a-morgan-observador","status":"publish","type":"post","link":"https:\/\/www.europesays.com\/pt\/140088\/","title":{"rendered":"Reforma? &#8220;Provavelmente vou chorar&#8221;, diz Ronaldo a Morgan \u2013 Observador"},"content":{"rendered":"<p>Cristiano Ronaldo voltou a sentar-se frente a frente com o jornalista brit\u00e2nico Piers Morgan, numa entrevista que prometeu ser das mais pessoais da sua carreira. Gravada em Londres, <a href=\"https:\/\/www.youtube.com\/watch?v=H3m1HmfXY3A\" rel=\"nofollow noopener\" target=\"_blank\">a primeira parte da conversa foi exibida esta ter\u00e7a-feira<\/a> e revela um lado mais introspetivo do craque portugu\u00eas. Refletiu\u00a0sobre o futuro fora dos relvados, com destaque para a <strong>inevit\u00e1vel reforma<\/strong> e para a import\u00e2ncia que a fam\u00edlia ter\u00e1 nesse processo. Foram abordados ainda temas como a rela\u00e7\u00e3o com Georgina Rodr\u00edguez, confirmando os <strong>planos (e data) de casamento<\/strong> para 2026, e o facto de ser considerado o primeiro jogador de futebol multimilion\u00e1rio. Ronaldo est\u00e1 focado em continuar a crescer \u201cdentro e fora de campo\u201d.<\/p>\n<p>O craque portugu\u00eas come\u00e7a por recordar a entrevista de h\u00e1 tr\u00eas anos \u201cNa \u00faltima entrevista que fiz foi dif\u00edcil. Mas desta vez serei um tipo fixe. Prometo\u201d, disse, rindo-se.<\/p>\n<p>A conversa prossegue e aborda-se possibilidade que houve de o futebolista assinar pelo Arsenal. \u201cComo j\u00e1 te disse, Piers, o passado j\u00e1 foi. \u00c9 parte da vida. Quando olho para o Arsenal\u2026 eu nunca estive l\u00e1. Mas gosto da equipa por causa dessa hist\u00f3ria. <strong>No futebol e na vida trata-se de oportunidades e momentos<\/strong>. Eu aproveitei a oportunidade, mas sendo honesto, e \u00e0s vezes menti por bons motivos, estive perto do Arsenal\u201d. Cristiano Ronaldo esteve perto de se transferir para o Arsenal antes de assinar pelo Manchester United.<\/p>\n<p>Para Ronaldo, \u201co Arsenal continua a ser uma boa equipa com grandes jogadores\u201d. \u201cTalvez o Arsenal fosse melhor, mas n\u00e3o tanto. \u00c9 poss\u00edvel serem campe\u00f5es. <strong>Na Premier League o n\u00edvel das equipas \u00e9 muito semelhante<\/strong>, mas nunca se sabe o que pode acontecer. O Manchester United n\u00e3o pode ganhar, claro, porque est\u00e3o muitos pontos atr\u00e1s\u201d, sublinhou.<\/p>\n<p>Em 2022, <a href=\"https:\/\/observador.pt\/2022\/11\/13\/o-manchester-united-tentou-forcar-a-minha-saida-senti-me-traido-ronaldo-quebra-o-silencio-e-ataca-clube-e-ten-hag-em-entrevista\/\" rel=\"nofollow noopener\" target=\"_blank\">na primeira entrevista que fez a Morgan<\/a>, Cristiano deixou v\u00e1rias cr\u00edticas ao Manchester United, afirmando que a equipa brit\u00e2nica ficou \u201cparada no tempo\u201d, uma situa\u00e7\u00e3o que, acredita, piorou depois da sa\u00edda de Sir Alex Ferguson, antigo treinador do Clube. Tr\u00eas anos depois \u2014 e confrontado com essas declara\u00e7\u00f5es e sobre o que correu mal \u2014, o craque reiterou o que j\u00e1 tinha dito. \u201cPara mim \u00e9 triste porque \u00e9 um dos clubes mais importantes do mundo. Tenho aquele clube no meu cora\u00e7\u00e3o por raz\u00f5es \u00f3bvias. <strong>Neste momento, o United n\u00e3o tem estrutura<\/strong>. Espero que isso mude no futuro pr\u00f3ximo, porque o potencial do clube \u00e9 fant\u00e1stico\u201d.<\/p>\n<p>Leia tamb\u00e9m: <a href=\"\">\u201cO Manchester United tentou for\u00e7ar a minha sa\u00edda. Senti-me tra\u00eddo.\u201d Ronaldo quebra o sil\u00eancio e ataca clube e Ten Hag em entrevista<\/a><\/p>\n<p>Apesar de o Manchester United \u201cestar no cora\u00e7\u00e3o\u201d, Ronaldo acrescenta que a equipa tem de perceber que \u201cn\u00e3o est\u00e1 num bom caminho\u201d. \u201cPrecisam de mudar e n\u00e3o falo dos jogadores e do treinador. <strong>Amorim? Ele est\u00e1 a fazer o melhor dele<\/strong>. O que pode ele fazer? <strong>Milagres \u00e9 imposs\u00edvel<\/strong>. Em Portugal dizemos que milagres s\u00f3 em F\u00e1tima e ele n\u00e3o vai fazer milagres. T\u00eam bons jogadores, mas alguns deles n\u00e3o t\u00eam em mente o que \u00e9 o Manchester United\u201d, disse.<\/p>\n<p>\u201cTornaste-te bilion\u00e1rio na semana passada\u201d, comentou Piers Morgan para ouvir Ronaldo a refutar: \u201cJ\u00e1 era h\u00e1 alguns anos. Com 39 anos\u201d, rindo-se.<\/p>\n<p>\u201cEu sei quanto dinheiro tenho. N\u00e3o a 100%, mas claro que tens de ter a tua equipa. \u00c9 normal. Tenho pessoas que me ajudam a fazer as coisas certas em todas as \u00e1reas. Financeiramente, tenho algu\u00e9m com quem falo todos os dias. Investimentos, oportunidades. Tenho controlo, porque \u00e9 a minha vida e o meu dinheiro\u201d, afirmou Ronaldo.<\/p>\n<p>O portugu\u00eas tornou-se, depois da sua renova\u00e7\u00e3o com sauditas do Al Nassr, <strong>o primeiro futebolista multimilion\u00e1rio<\/strong>, com um patrim\u00f3nio de 1,2 mil milh\u00f5es de euros, segundo um \u00edndice divulgado pela <a href=\"https:\/\/www.bloomberg.com\/news\/features\/2025-10-08\/cristiano-ronaldo-is-first-football-billionaire-after-saudi-al-nassr-deal\" rel=\"nofollow noopener\" target=\"_blank\">Bloomberg<\/a>.<\/p>\n<p>O futebolista de 40 anos confirma que sabia que um dia seria multimilion\u00e1rio e \u201cestava preparado\u201d. \u201cEra uma quest\u00e3o de tempo. \u00c9 como se ganhasse uma Bola de Ouro. Toda a gente tem os seus objetivos: construir uma casa, ter um carro\u2026 O meu objetivo era alcan\u00e7ar aquele n\u00famero. N\u00e3o estava obcecado pelo dinheiro, porque o dinheiro, <strong>quando chegas a um determinado n\u00edvel, n\u00e3o importa mais<\/strong>. <strong>Mas nunca estamos satisfeitos com o que temos<\/strong>. Foi o que aprendi com o tempo. O dinheiro \u00e9 importante, mas h\u00e1 coisas mais importantes. Era um dos meus objetivos, para al\u00e9m do futebol. <strong>Estou muito orgulhoso<\/strong>\u201c.<\/p>\n<p>Leia tamb\u00e9m: <a href=\"\">Cristiano Ronaldo \u00e9 o primeiro futebolista multimilion\u00e1rio<\/a><\/p>\n<p>\u201cConhe\u00e7o o meu potencial.<strong> Sabia que iria alcan\u00e7ar aquele n\u00famero<\/strong>. Foi a minha estrat\u00e9gia h\u00e1 uns anos. Se continuares a estar num alto n\u00edvel, o n\u00famero vai chegar a ti. Est\u00e1 tudo interligado. Se me perguntassem se iria enriquecer t\u00e3o rapidamente? Provavelmente n\u00e3o\u201d, acrescentou.<\/p>\n<p>Questionado sobre a coisa mais cara que comprou, Ronaldo respondeu que foi um <strong>avi\u00e3o<\/strong>. \u201cTenho o meu pr\u00f3prio avi\u00e3o desde os 33 anos, mas mudei h\u00e1 um ano. Foi um pouco dispendioso\u201d, disse, justificando que precisa de um avi\u00e3o porque n\u00e3o \u00e9 uma \u201cpessoa normal\u201d. \u201cPara mim o mais importante \u00e9 querer viver a minha vida, [porque] <strong>os meus sonhos j\u00e1 foram<\/strong>. N\u00e3o posso estar no aeroporto e comprei por causa disso. \u00c9 conforto, mas n\u00e3o procuro por isso. S\u00f3 quero desfrutar da vida. O dinheiro \u00e9 bom, mas j\u00e1 n\u00e3o \u00e9 importante\u201d.<\/p>\n<p>O portugu\u00eas sublinha que n\u00e3o quer saber daquilo que as pessoas dizem sobre ele. <strong>\u201cSe dizem que sou arrogante, n\u00e3o quero saber, honestamente.<\/strong> Tenho cinco filhos, os melhores amigos e uma equipa que me ajuda muito\u201d.<\/p>\n<p><strong>\u201cA opini\u00e3o p\u00fablica j\u00e1 n\u00e3o \u00e9 importante<\/strong>. S\u00f3 quero ser feliz a fazer o que fa\u00e7o e a manter o meu n\u00edvel no futebol e a marcar golos. Continuo a estar feliz por ir treinar.\u00a0 Sou uma pessoa normal. Posso comprar o que quiser, mas n\u00e3o preciso disso\u201d, reiterou, dando o exemplo do carro que comprou \u201ch\u00e1 tr\u00eas dias\u201d para cole\u00e7\u00e3o. \u201cN\u00e3o o vou conduzir. \u00c9 um investimento. \u00c9 um Bugatti Tourbillon, mas \u00e9 um investimento. <strong>Quantos carros? N\u00e3o sei. N\u00e3o os conto. Mas \u00e9 normal. Talvez 40 ou 41.<\/strong> Mas n\u00e3o sei, juro pelos meus filhos. Adoro os Bugatti. <strong>Eu nunca conduzo<\/strong>\u201c.<\/p>\n<p>Morgan pergunta se Cristiano est\u00e1 a pensar na reforma num futuro pr\u00f3ximo. O jogador de futebol de 40 anos respondeu que \u201csim, brevemente\u201d. \u201cCreio que estarei preparado. <strong>Ser\u00e1 dif\u00edcil e provavelmente vou chorar<\/strong>,<strong> sim. Sou de chorar f\u00e1cil<\/strong>. N\u00e3o sou de segurar os meus sentimentos. Sou honesto e pessoa aberta. Mas preparo o meu futuro desde os 24 anos. Portanto, creio que serei capaz de suportar a press\u00e3o\u201d, disse.<\/p>\n<p>\u201cNada se pode comparar com a adrenalina que tens de marcar um golo, mas tudo tem um in\u00edcio e um fim. Acho que vou estar preparado, mas tenho outras paix\u00f5es\u201d, confessou ao jornalista brit\u00e2nico, referindo o tempo que vai ter para si e para a fam\u00edlia.<\/p>\n<p>\u201cQuero seguir o Cristiano J\u00fanior, porque nesta idade h\u00e1 pequenas coisas est\u00fapidas, o que \u00e9 normal. Fiz o mesmo. Quero ser mais presente. E tamb\u00e9m tenho os meus hobbies [como o padel]\u201d, sublinhou. Al\u00e9m disso, Ronaldo quer \u201caprender mais sobre as empresas e outras coisas\u201d, apesar de admitir que \u201cnunca vai ser youtuber\u201c.<\/p>\n<p>\u201c<strong>Vou fazer coisas divertidas que n\u00e3o fazia antes<\/strong>, porque o futebol n\u00e3o \u00e9 apenas treinar uma hora. Eu vivo o futebol 24 horas para fazer as coisas todas e ter uma boa performance. Eu gosto do processo. \u00c9 um bom desafio. Mesmo na minha idade, eu desfruto deste per\u00edodo da minha vida, porque aprendemos muitas coisas n\u00e3o s\u00f3 no futebol. E\u00a0isso deixa-te feliz\u201d, afirmou o craque portugu\u00eas.<\/p>\n<p>Antes de terminar a primeira parte da entrevista, o tema <a href=\"https:\/\/observador.pt\/2025\/11\/04\/o-pedido-de-casamento-por-acaso-e-uma-festa-privada-cristiano-planeia-casar-depois-do-mundial-e-do-trofeu\/\" rel=\"nofollow noopener\" target=\"_blank\">\u00e9 mesmo\u00a0o casamento entre Cristiano Ronaldo e Georgina Rodriguez<\/a>, com quem\u00a0tem uma rela\u00e7\u00e3o desde 2016 e duas filhas, Alana Martina e Bella Esmeralda.<\/p>\n<p>\u201cEste \u00e9 o teu maior neg\u00f3cio\u201d, diz o jornalista, quando introduz o tema. \u201cSe disser que n\u00e3o ela mata-me\u201d, brinca Cristiano Ronaldo, para depois esclarecer que \u201cn\u00e3o resistiu\u201d em n\u00e3o se casar antes dos 40 anos, mas que \u201cas coisas boas v\u00eam no momento certo\u201d. \u201c\u00c0s vezes \u00e9 preciso tempo para pensar e n\u00e3o cometer erros\u201d, diz o jogador, que assume que fez o pedido \u201cn\u00e3o s\u00f3 porque \u00e9 a m\u00e3e dos meus filhos mas porque <strong>\u00e9 o amor da minha vida\u201d<\/strong>. \u201cNada vai mudar porque vamos casar-nos. \u00c9 s\u00f3 um bonito cap\u00edtulo das nossas vidas\u201d, garante Ronaldo.<\/p>\n<p>Leia tamb\u00e9m: <a href=\"\">O pedido de casamento por acaso e uma festa privada. Cristiano planeia casar \u201cdepois do Mundial e do trof\u00e9u\u201d<\/a><\/p>\n<p>Cristiano Ronaldo revelou que a data do casamento ainda n\u00e3o est\u00e1 marcada. \u201cPlaneamos para depois do Campeonato Mundial, com o trof\u00e9u\u201d, disse o jogador, que ainda quer conquistar o t\u00edtulo para Portugal.<\/p>\n<p>O craque portugu\u00eas\u00a0disse que a companheira \u201c\u00e9 \u00fanica\u201d. \u201cCuida de mim, o que \u00e9 muito importante, cuida da fam\u00edlia, da casa (que d\u00e1 muito trabalho). Se fosse o oposto, eu n\u00e3o conseguiria. Os homens n\u00e3o s\u00e3o capazes. E \u00e9 especial para mim. <strong>Al\u00e9m de ser bonita e ter um corpo lindo que eu gosto, \u00e9 uma pessoa que me compreende e cuida de mim e da minha fam\u00edlia<\/strong>. [Foi] isso que procurei\u201d, sublinhou.<\/p>\n<p class=\"tinymceh1\"><strong>[H\u00e1 d\u00favidas at\u00e9 ao fim que acabam na vit\u00f3ria mais curta da Hist\u00f3ria.\u00a0A\u00a0<a href=\"https:\/\/observador.pt\/wp-admin\/post.php?post=7685876&amp;action=edit\" rel=\"nofollow noopener\" target=\"_blank\">\u201cElei\u00e7\u00e3o Mais Louca de Sempre\u201d<\/a>\u00a0\u00e9 o novo Podcast Plus do Observador sobre as Presidenciais de 1986. Uma s\u00e9rie narrada pelo ator Gon\u00e7alo Waddington, com banda sonora original de Samuel \u00daria. Pode ouvir o \u00faltimo epis\u00f3dio\u00a0<a href=\"https:\/\/observador.pt\/programas\/a-eleio-mais-louca-de-sempre\/episodio-6-a-vitoria-mais-curta-da-historia\/\" rel=\"nofollow noopener\" target=\"_blank\">aqui<\/a>, no\u00a0Observador, e tamb\u00e9m na\u00a0<a href=\"https:\/\/podcasts.apple.com\/pt\/podcast\/epis%C3%B3dio-6-a-vit%C3%B3ria-mais-curta-da-hist%C3%B3ria\/id1841273464?i=1000735108841\" rel=\"nofollow noopener\" target=\"_blank\">Apple Podcasts<\/a>, no\u00a0<a href=\"https:\/\/open.spotify.com\/episode\/01P6DWg39vDsqRDF9hHto6?si=32fb673d4e6f476f\" rel=\"nofollow noopener\" target=\"_blank\">Spotify<\/a>\u00a0e no\u00a0<a href=\"https:\/\/music.youtube.com\/watch?v=tC9N52JuIbI&amp;si=yDUA94GtcmbZxfYl\" rel=\"nofollow noopener\" target=\"_blank\">Youtube Music<\/a>. E pode ouvir o primeiro epis\u00f3dio\u00a0<a href=\"https:\/\/observador.pt\/programas\/a-eleio-mais-louca-de-sempre\/estreia-a-eleicao-mais-louca-de-sempre-episodio-1-apostamos-no-cavalo-errado\/\" target=\"_blank\" rel=\"noopener nofollow\">aqui<\/a>,\u00a0o segundo\u00a0<a href=\"https:\/\/observador.pt\/programas\/a-eleio-mais-louca-de-sempre\/episodio-2-uma-traicao-inesperada\/\" target=\"_blank\" rel=\"noopener nofollow\">aqui<\/a>,\u00a0o terceiro\u00a0<a href=\"https:\/\/observador.pt\/programas\/a-eleio-mais-louca-de-sempre\/episodio-3-ele-nao-e-meu-irmao\/\" rel=\"nofollow noopener\" target=\"_blank\">aqui<\/a>, o\u00a0<a href=\"https:\/\/observador.pt\/programas\/a-eleio-mais-louca-de-sempre\/episodio-4-portugal-nao-e-moscovo\/\" rel=\"nofollow noopener\" target=\"_blank\">quarto<\/a>\u00a0aqui e o\u00a0<a href=\"https:\/\/observador.pt\/programas\/a-eleio-mais-louca-de-sempre\/episodio-5-uma-armadilha-em-direto\/\" rel=\"nofollow noopener\" target=\"_blank\">quinto\u00a0<\/a>aqui]<\/strong><\/p>\n<p><a href=\"https:\/\/observador.pt\/programas\/a-eleio-mais-louca-de-sempre\/episodio-6-a-vitoria-mais-curta-da-historia\/\" rel=\"nofollow noopener\" target=\"_blank\"><\/p>\n<p>        <img src=\"https:\/\/www.europesays.com\/pt\/wp-content\/uploads\/2025\/10\/1761878958_488_770-a-eleicao-mais-louca-de-sempre-playicon.png\" alt=\"\" loading=\"lazy\" decoding=\"async\" class=\"alignnone\" onload=\"this.parentElement.classList.remove('spinner')\" onerror=\"this.parentElement.classList.remove('spinner')\" width=\"770\" height=\"433\"\/>    <\/p>\n<p><\/a><\/p>\n","protected":false},"excerpt":{"rendered":"Cristiano Ronaldo voltou a sentar-se frente a frente com o jornalista brit\u00e2nico Piers Morgan, numa entrevista que prometeu&hellip;\n","protected":false},"author":2,"featured_media":140089,"comment_status":"","ping_status":"","sticky":false,"template":"","format":"standard","meta":{"footnotes":""},"categories":[8],"tags":[27,28,667,135,15,16,524,14,25,26,21,22,12,13,19,20,32,23,24,33,17,18,29,30,31],"class_list":{"0":"post-140088","1":"post","2":"type-post","3":"status-publish","4":"format-standard","5":"has-post-thumbnail","7":"category-principais-noticias","8":"tag-breaking-news","9":"tag-breakingnews","10":"tag-cristiano-ronaldo","11":"tag-desporto","12":"tag-featured-news","13":"tag-featurednews","14":"tag-futebol","15":"tag-headlines","16":"tag-latest-news","17":"tag-latestnews","18":"tag-main-news","19":"tag-mainnews","20":"tag-news","21":"tag-noticias","22":"tag-noticias-principais","23":"tag-noticiasprincipais","24":"tag-portugal","25":"tag-principais-noticias","26":"tag-principaisnoticias","27":"tag-pt","28":"tag-top-stories","29":"tag-topstories","30":"tag-ultimas","31":"tag-ultimas-noticias","32":"tag-ultimasnoticias"},"share_on_mastodon":{"url":"https:\/\/pubeurope.com\/@pt\/115495132598370391","error":""},"_links":{"self":[{"href":"https:\/\/www.europesays.com\/pt\/wp-json\/wp\/v2\/posts\/140088","targetHints":{"allow":["GET"]}}],"collection":[{"href":"https:\/\/www.europesays.com\/pt\/wp-json\/wp\/v2\/posts"}],"about":[{"href":"https:\/\/www.europesays.com\/pt\/wp-json\/wp\/v2\/types\/post"}],"author":[{"embeddable":true,"href":"https:\/\/www.europesays.com\/pt\/wp-json\/wp\/v2\/users\/2"}],"replies":[{"embeddable":true,"href":"https:\/\/www.europesays.com\/pt\/wp-json\/wp\/v2\/comments?post=140088"}],"version-history":[{"count":0,"href":"https:\/\/www.europesays.com\/pt\/wp-json\/wp\/v2\/posts\/140088\/revisions"}],"wp:featuredmedia":[{"embeddable":true,"href":"https:\/\/www.europesays.com\/pt\/wp-json\/wp\/v2\/media\/140089"}],"wp:attachment":[{"href":"https:\/\/www.europesays.com\/pt\/wp-json\/wp\/v2\/media?parent=140088"}],"wp:term":[{"taxonomy":"category","embeddable":true,"href":"https:\/\/www.europesays.com\/pt\/wp-json\/wp\/v2\/categories?post=140088"},{"taxonomy":"post_tag","embeddable":true,"href":"https:\/\/www.europesays.com\/pt\/wp-json\/wp\/v2\/tags?post=140088"}],"curies":[{"name":"wp","href":"https:\/\/api.w.org\/{rel}","templated":true}]}}