{"id":140094,"date":"2025-11-05T04:16:04","date_gmt":"2025-11-05T04:16:04","guid":{"rendered":"https:\/\/www.europesays.com\/pt\/140094\/"},"modified":"2025-11-05T04:16:04","modified_gmt":"2025-11-05T04:16:04","slug":"elenco-jovem-de-it-welcome-to-derry-revela-como-foi-encarar-pennywise-de-perto-acho-que-quase-fiz-nas-calcas","status":"publish","type":"post","link":"https:\/\/www.europesays.com\/pt\/140094\/","title":{"rendered":"Elenco jovem de \u201cIt: Welcome to Derry\u201d revela como foi encarar Pennywise de perto: \u201cAcho que quase fiz nas cal\u00e7as\u201d"},"content":{"rendered":"<p>Entrar no universo de It: Welcome to Derry, nova s\u00e9rie do HBO Max que expande o terror criado por Stephen King, significou mais do que atuar para o elenco mirim, foi literalmente encarar seus piores pesadelos. Para alguns dos jovens protagonistas, contracenar com Pennywise, o palha\u00e7o assassino vivido por Bill Skarsg\u00e5rd, foi uma experi\u00eancia assustadora e inesquec\u00edvel.<\/p>\n<p>Blake Cameron James, que interpreta Will Hanlon, um garoto de 14 anos e pai de Mike Hanlon (um dos membros originais do Clube dos Perdedores), confessou que assumir o papel significou enfrentar um medo de inf\u00e2ncia. \u201cNunca assisti aos filmes at\u00e9 o momento em que realmente precisei, porque o Pennywise sempre foi meu maior medo\u201d, contou o ator. \u201c\u00c9 uma loucura pensar que meu maior medo acabou virando o motivo pelo qual estou neste projeto. E a\u00ed percebi que a hist\u00f3ria \u00e9 realmente muito boa.\u201d<\/p>\n<p>Ambientada em 1962, a s\u00e9rie mostra a fam\u00edlia Hanlon se mudando para Derry, uma cidade aparentemente pacata, mas repleta de segredos sombrios. Logo, Will percebe que algo sinistro habita o lugar, n\u00e3o s\u00f3 o palha\u00e7o assassino, mas tamb\u00e9m o pr\u00f3prio passado cruel dos moradores.<\/p>\n<p>Ao lado de Rich (interpretado por Arian S. Cartaya), outro garoto marginalizado, Will forma o primeiro Clube dos Perdedores. Mas a amizade dos dois \u00e9 posta \u00e0 prova quando eles finalmente encontram Pennywise frente a frente. E, segundo Cartaya, esse momento foi de puro pavor. \u201cQuando conheci o Pennywise pela primeira vez, o Bill estava completamente caracterizado, com a maquiagem e o figurino. Era nossa primeira cena juntos e foi muito assustador. Acho que quase fiz nas cal\u00e7as\u201d, brincou.<\/p>\n<p>O ator tamb\u00e9m comentou que, fora de cena, Skarsg\u00e5rd \u00e9 o oposto do palha\u00e7o demon\u00edaco. \u201cDepois das grava\u00e7\u00f5es, ele \u00e9 uma das pessoas mais legais que voc\u00ea vai conhecer. Mas quando ele est\u00e1 caracterizado como Pennywise\u2026 \u00e9 melhor nem tentar conversar\u201d, disse rindo.<\/p>\n<p>Amanda Christine, que vive Veronica \u201cRonnie\u201d Grogan, lembrou o impacto de ver o vil\u00e3o t\u00e3o de perto. \u201cFoi assustador de verdade. Voc\u00ea pensa que os dentes e o sangue s\u00e3o adicionados digitalmente, mas n\u00e3o, tudo estava ali, na nossa frente. Ele \u00e9 muito alto e o jeito como se movimenta com o figurino \u00e9 apavorante\u201d, contou.<\/p>\n<p>Na trama, Ronnie enfrenta o preconceito dos moradores de Derry ap\u00f3s uma trag\u00e9dia misteriosa que recai sobre sua fam\u00edlia, algo que os f\u00e3s sabem estar diretamente ligado \u00e0 influ\u00eancia maligna de Pennywise. Sua amiga Lilly Bainbridge (Clara Stack) tamb\u00e9m lida com o luto e com a solid\u00e3o ap\u00f3s perder o contato com sua antiga companheira Marge (Matilda Stack).<\/p>\n<p>Mesmo com o medo constante, o elenco jovem elogiou a atua\u00e7\u00e3o de Skarsg\u00e5rd e sua gentileza fora das filmagens. \u201cEle tem o qu\u00ea, uns dois metros de altura? \u00c9 muito assustador, n\u00e3o tem motivo pra ser t\u00e3o apavorante\u201d, brincou James. \u201cMas, ao mesmo tempo, \u00e9 uma pessoa extremamente simp\u00e1tica. \u00c9 estranho, porque voc\u00ea olha pra ele e pensa \u2018esse cara vai me matar\u2019, e ele responde \u2018oi, prazer em te conhecer\u2019.\u201d<\/p>\n<p>Criada por Andy e Barbara Muschietti, os mesmos respons\u00e1veis pelos filmes It, a s\u00e9rie It: Welcome to Derry amplia o universo do palha\u00e7o assassino e revela as origens do mal que assombra a cidade h\u00e1 s\u00e9culos. A produ\u00e7\u00e3o promete explorar diferentes \u00e9pocas, de 1935 e 1908 at\u00e9 os primeiros registros da criatura, no s\u00e9culo XVIII, construindo uma verdadeira cronologia do terror.<\/p>\n<p>It: Welcome to Derry j\u00e1 est\u00e1 dispon\u00edvel no HBO Max, pronta para fazer at\u00e9 os mais corajosos voltarem a olhar com desconfian\u00e7a para palha\u00e7os.<\/p>\n<p>Veja mais sobre <a href=\"https:\/\/nerdizmo.ig.com.br\/category\/series-e-tv\/\" rel=\"nofollow noopener\" target=\"_blank\">s\u00e9ries e TV<\/a>!<\/p>\n<p>\n\tRelacionado<\/p>\n","protected":false},"excerpt":{"rendered":"Entrar no universo de It: Welcome to Derry, nova s\u00e9rie do HBO Max que expande o terror criado&hellip;\n","protected":false},"author":2,"featured_media":140095,"comment_status":"","ping_status":"","sticky":false,"template":"","format":"standard","meta":{"footnotes":""},"categories":[140],"tags":[114,115,147,148,26766,146,32,33],"class_list":{"0":"post-140094","1":"post","2":"type-post","3":"status-publish","4":"format-standard","5":"has-post-thumbnail","7":"category-filmes","8":"tag-entertainment","9":"tag-entretenimento","10":"tag-film","11":"tag-filmes","12":"tag-it","13":"tag-movies","14":"tag-portugal","15":"tag-pt"},"share_on_mastodon":{"url":"https:\/\/pubeurope.com\/@pt\/115495159899872785","error":""},"_links":{"self":[{"href":"https:\/\/www.europesays.com\/pt\/wp-json\/wp\/v2\/posts\/140094","targetHints":{"allow":["GET"]}}],"collection":[{"href":"https:\/\/www.europesays.com\/pt\/wp-json\/wp\/v2\/posts"}],"about":[{"href":"https:\/\/www.europesays.com\/pt\/wp-json\/wp\/v2\/types\/post"}],"author":[{"embeddable":true,"href":"https:\/\/www.europesays.com\/pt\/wp-json\/wp\/v2\/users\/2"}],"replies":[{"embeddable":true,"href":"https:\/\/www.europesays.com\/pt\/wp-json\/wp\/v2\/comments?post=140094"}],"version-history":[{"count":0,"href":"https:\/\/www.europesays.com\/pt\/wp-json\/wp\/v2\/posts\/140094\/revisions"}],"wp:featuredmedia":[{"embeddable":true,"href":"https:\/\/www.europesays.com\/pt\/wp-json\/wp\/v2\/media\/140095"}],"wp:attachment":[{"href":"https:\/\/www.europesays.com\/pt\/wp-json\/wp\/v2\/media?parent=140094"}],"wp:term":[{"taxonomy":"category","embeddable":true,"href":"https:\/\/www.europesays.com\/pt\/wp-json\/wp\/v2\/categories?post=140094"},{"taxonomy":"post_tag","embeddable":true,"href":"https:\/\/www.europesays.com\/pt\/wp-json\/wp\/v2\/tags?post=140094"}],"curies":[{"name":"wp","href":"https:\/\/api.w.org\/{rel}","templated":true}]}}