{"id":140122,"date":"2025-11-05T05:18:13","date_gmt":"2025-11-05T05:18:13","guid":{"rendered":"https:\/\/www.europesays.com\/pt\/140122\/"},"modified":"2025-11-05T05:18:13","modified_gmt":"2025-11-05T05:18:13","slug":"nao-vem-mais-ariana-grande-cancela-vinda-ao-brasil-zoeira","status":"publish","type":"post","link":"https:\/\/www.europesays.com\/pt\/140122\/","title":{"rendered":"N\u00e3o vem mais: Ariana Grande cancela vinda ao Brasil &#8211; Zoeira"},"content":{"rendered":"<p><strong>Ariana Grande, estrela do filme Wicked II cancelou sua vinda ao Brasil para a turn\u00ea do longa nesta ter\u00e7a-feira (4).<\/strong> Apesar de a cantora e protagonista n\u00e3o comparecer, a premiere global de divulga\u00e7\u00e3o segue confirmada para esta noite, em S\u00e3o Paulo.\u00a0<\/p>\n<p>Em primeiro comunicado no Instagram, Ariana explicou aos seus f\u00e3s o motivo do cancelamento:<\/p>\n<p>&#8220;Minha equipe e eu tivemos que sair do nosso voo, pois eles tiveram que fazer a manuten\u00e7\u00e3o do avi\u00e3o devido a um problema de seguran\u00e7a e ele n\u00e3o vai decolar at\u00e9 as 11h da manh\u00e3 de amanh\u00e3&#8221;, escreveu.<\/p>\n<p>A artista pediu desculpas pelo inconveniente e que a produtora Universal buscou alternativas, mas sem sucesso.<\/p>\n<p><strong>Ariana divide o protagonismo do filme com Cynthia Erivo<\/strong>, que juntas, interpretam Glinda e Elphaba, respectivamente.<\/p>\n<p>O filme \u00e9 a parte II da obra lan\u00e7ada no ano passado, inspirada no musical da Broadway de 2003. No Brasil,<a href=\"https:\/\/diariodonordeste.verdesmares.com.br\/entretenimento\/zoeira\/ariana-grande-vem-ao-brasil-para-turne-de-wicked-2-1.3698687\" rel=\"nofollow noopener\" target=\"_blank\">\u00a0Wicked: Parte II<\/a><strong>\u00a0estar\u00e1 dispon\u00edvel nos cinemas de todo o pa\u00eds a partir do dia 20.<\/strong><\/p>\n<p>F\u00e3s enfurecidos\u00a0<\/p>\n<p>Nas\u00a0 redes sociais, os f\u00e3s que se programaram para acompanhar a premi\u00e8re lamentaram o cancelamento da vinda de Ariana Grande ao Brasil.\u00a0<\/p>\n<p>\u201cSem turn\u00ea, sem premi\u00e8re, sem esperan\u00e7a, sem Brasil&#8221;, disse um.\u00a0 \u201cDeixando de ser arianator. Ariana Grande, voc\u00ea perdeu um f\u00e3\u201d, escreveu outra.\u00a0<\/p>\n<p>No X (antigo Twitter) o termo &#8220;Ariana Grande&#8221; ficou entre os assuntos mais comentados do dia, acompanhado de memes, cr\u00edticas e lamenta\u00e7\u00f5es.<\/p>\n<p>&#8216;N\u00e3o deseje perigo a n\u00f3s&#8217;<\/p>\n<p>No come\u00e7o da tarde desta ter\u00e7a-feira,<strong>\u00a0Ariana Grande se pronunciou novamente ap\u00f3s as negativas de seus f\u00e3s<\/strong>:<\/p>\n<blockquote class=\"blockquote border-accent not-italic\">\n<p>\n\t\t\tPor favor, n\u00e3o deseje perigo a n\u00f3s.\u00a0Fizemos tudo o que pod\u00edamos e prometo que ningu\u00e9m est\u00e1 mais chateado do que eu estou, eu prometo \u2661 N\u00e3o importa o quanto voc\u00ea esteja bravo ou decepcionado, por favor, por favor, n\u00e3o deseje perigo a n\u00f3s nem pense que n\u00e3o tentamos&#8230;Terminei outro filme no dia 31 e trabalhei o dia todo no dia 1\u00ba e 2.\u00a0Eu amo o Brasil, sempre amei e sempre vou amar.\n\t\t<\/p>\n<\/blockquote>\n","protected":false},"excerpt":{"rendered":"Ariana Grande, estrela do filme Wicked II cancelou sua vinda ao Brasil para a turn\u00ea do longa nesta&hellip;\n","protected":false},"author":2,"featured_media":140123,"comment_status":"","ping_status":"","sticky":false,"template":"","format":"standard","meta":{"footnotes":""},"categories":[145],"tags":[2397,211,210,114,115,32,33],"class_list":{"0":"post-140122","1":"post","2":"type-post","3":"status-publish","4":"format-standard","5":"has-post-thumbnail","7":"category-celebridades","8":"tag-artes-cultura-e-entretenimento","9":"tag-celebridades","10":"tag-celebrities","11":"tag-entertainment","12":"tag-entretenimento","13":"tag-portugal","14":"tag-pt"},"share_on_mastodon":{"url":"https:\/\/pubeurope.com\/@pt\/115495403689050781","error":""},"_links":{"self":[{"href":"https:\/\/www.europesays.com\/pt\/wp-json\/wp\/v2\/posts\/140122","targetHints":{"allow":["GET"]}}],"collection":[{"href":"https:\/\/www.europesays.com\/pt\/wp-json\/wp\/v2\/posts"}],"about":[{"href":"https:\/\/www.europesays.com\/pt\/wp-json\/wp\/v2\/types\/post"}],"author":[{"embeddable":true,"href":"https:\/\/www.europesays.com\/pt\/wp-json\/wp\/v2\/users\/2"}],"replies":[{"embeddable":true,"href":"https:\/\/www.europesays.com\/pt\/wp-json\/wp\/v2\/comments?post=140122"}],"version-history":[{"count":0,"href":"https:\/\/www.europesays.com\/pt\/wp-json\/wp\/v2\/posts\/140122\/revisions"}],"wp:featuredmedia":[{"embeddable":true,"href":"https:\/\/www.europesays.com\/pt\/wp-json\/wp\/v2\/media\/140123"}],"wp:attachment":[{"href":"https:\/\/www.europesays.com\/pt\/wp-json\/wp\/v2\/media?parent=140122"}],"wp:term":[{"taxonomy":"category","embeddable":true,"href":"https:\/\/www.europesays.com\/pt\/wp-json\/wp\/v2\/categories?post=140122"},{"taxonomy":"post_tag","embeddable":true,"href":"https:\/\/www.europesays.com\/pt\/wp-json\/wp\/v2\/tags?post=140122"}],"curies":[{"name":"wp","href":"https:\/\/api.w.org\/{rel}","templated":true}]}}