{"id":140126,"date":"2025-11-05T05:32:07","date_gmt":"2025-11-05T05:32:07","guid":{"rendered":"https:\/\/www.europesays.com\/pt\/140126\/"},"modified":"2025-11-05T05:32:07","modified_gmt":"2025-11-05T05:32:07","slug":"saiba-por-que-a-esposa-de-felipe-simas-orou-para-ele-nao-conseguir-papel","status":"publish","type":"post","link":"https:\/\/www.europesays.com\/pt\/140126\/","title":{"rendered":"Saiba por que a esposa de Felipe Simas orou para ele n\u00e3o conseguir papel"},"content":{"rendered":"\n<p>Mariana Uhlmann abriu o jogo e revelou como lida com a profiss\u00e3o do marido, o ator Felipe Simas. Em entrevista ao podcast PodCr\u00ea, ela garantiu que entende a carreira dele, mas confessou j\u00e1 ter orado para Simas n\u00e3o conseguir um papel espec\u00edfico.<\/p>\n<p>\u201cN\u00f3s somos uma equipe, mas j\u00e1 teve alguns trabalhos que orei para n\u00e3o acontecer e para que a porta se fechasse. Teve um espec\u00edfico que, quando ele recebeu, eu falei que n\u00e3o sabia se eu gostaria que ele fizesse isso, e a porta fechou. Ano passado, ele passou nove meses em S\u00e3o Paulo e ficou 45 dias longe das crian\u00e7as. \u00c9 dif\u00edcil e mexe com a nossa fam\u00edlia toda. Ent\u00e3o, quando ele vai aceitar um trabalho, a gente conversa para entender se eu tamb\u00e9m estou preparada. \u00c9 muito importante que tenhamos uma parceria\u201d, afirma. Mariana e Felipe s\u00e3o pais de tr\u00eas crian\u00e7as, e m\u00e3e de Joaquim, Maria e Vicente.<\/p>\n<p><strong>Ci\u00fames das cenas?<\/strong><\/p>\n<p>Mariana ainda admitiu que n\u00e3o gosta de assistir as cenas de beijo de Felipe. \u201cEu conheci o Felipe quando ele era jogador. E, l\u00f3gico, n\u00e3o \u00e9 uma cena [as de beijo] que eu amo voltar para assistir de novo. Mas sei que o que eu tenho com ele, ele n\u00e3o tem com nenhuma outra. Ali \u00e9 o trabalho dele, e o que a gente tem em casa \u00e9 muito s\u00f3lido e real. A gente passou por muita coisa, e ele teve a maturidade de olhar no meu olho e falar para a gente orar junto. A gente aprendeu isso na nossa vida com o Senhor. Fizemos um curso chamado \u2018Casados Para Sempre\u2019 e \u00e9 entender que somos uma s\u00f3 carne. N\u00e3o \u00e9 uma cena que eu goste de ver, mas \u00e9 o trabalho dele\u201d, relatou.<\/p>\n<p><strong>Prepara\u00e7\u00f5es<\/strong><\/p>\n<p>Mariana ainda destacou que Simas \u00e9 um ator intenso e muito esfor\u00e7ado. Atualmente, ele interpreta o vil\u00e3o Danilo em Dona de Mim e vive Daniel Cravinhos na s\u00e9rie Trememb\u00e9, do Prime Video. \u201cEu acho que \u00e9 um pouco pesado entrar em um personagem assim, mas tenho muito orgulho do Felipe como ser humano, como homem, como marido, como pai e como ator. Eu admiro muito como ele leva a vida, e vejo que n\u00e3o \u00e9 diferente com a atua\u00e7\u00e3o, que \u00e9 a profiss\u00e3o dele\u201d, pontuou.<\/p>\n<p>\u201cEm Totalmente Demais, ele era um vendedor de bala no sinal e morava na rua. Ele foi andando at\u00e9 a Globo uma vez, porque queria experimentar e entender como era isso. Eu perguntava pra qu\u00ea ele fazia isso, mas ele ia. Teve uma vez que a gente quase brigou, porque ele resolveu dormir na rua e falei que j\u00e1 estava um pouco demais. Ele n\u00e3o foi, porque comecei a chorar e pedi para ele n\u00e3o fazer isso. Ele \u00e9 muito intenso, mas traz uma coisa do Evangelho, que \u00e9 o amor. Ent\u00e3o, ele tenta olhar todo personagem dele, por pior que seja, com esse olhar de amor. O Senhor me ama, assim como ama o personagem mais macabro que ele fez\u201d, completou a esposa de Felipe Simas.<\/p>\n","protected":false},"excerpt":{"rendered":"Mariana Uhlmann abriu o jogo e revelou como lida com a profiss\u00e3o do marido, o ator Felipe Simas.&hellip;\n","protected":false},"author":2,"featured_media":140127,"comment_status":"","ping_status":"","sticky":false,"template":"","format":"standard","meta":{"footnotes":""},"categories":[145],"tags":[211,210,31155,114,115,11648,12079,31156,13209,31154,32,33,22737],"class_list":{"0":"post-140126","1":"post","2":"type-post","3":"status-publish","4":"format-standard","5":"has-post-thumbnail","7":"category-celebridades","8":"tag-celebridades","9":"tag-celebrities","10":"tag-conseguir","11":"tag-entertainment","12":"tag-entretenimento","13":"tag-esposa","14":"tag-felipe-simas","15":"tag-orou","16":"tag-papel","17":"tag-por-que","18":"tag-portugal","19":"tag-pt","20":"tag-saiba"},"share_on_mastodon":{"url":"https:\/\/pubeurope.com\/@pt\/115495458861065684","error":""},"_links":{"self":[{"href":"https:\/\/www.europesays.com\/pt\/wp-json\/wp\/v2\/posts\/140126","targetHints":{"allow":["GET"]}}],"collection":[{"href":"https:\/\/www.europesays.com\/pt\/wp-json\/wp\/v2\/posts"}],"about":[{"href":"https:\/\/www.europesays.com\/pt\/wp-json\/wp\/v2\/types\/post"}],"author":[{"embeddable":true,"href":"https:\/\/www.europesays.com\/pt\/wp-json\/wp\/v2\/users\/2"}],"replies":[{"embeddable":true,"href":"https:\/\/www.europesays.com\/pt\/wp-json\/wp\/v2\/comments?post=140126"}],"version-history":[{"count":0,"href":"https:\/\/www.europesays.com\/pt\/wp-json\/wp\/v2\/posts\/140126\/revisions"}],"wp:featuredmedia":[{"embeddable":true,"href":"https:\/\/www.europesays.com\/pt\/wp-json\/wp\/v2\/media\/140127"}],"wp:attachment":[{"href":"https:\/\/www.europesays.com\/pt\/wp-json\/wp\/v2\/media?parent=140126"}],"wp:term":[{"taxonomy":"category","embeddable":true,"href":"https:\/\/www.europesays.com\/pt\/wp-json\/wp\/v2\/categories?post=140126"},{"taxonomy":"post_tag","embeddable":true,"href":"https:\/\/www.europesays.com\/pt\/wp-json\/wp\/v2\/tags?post=140126"}],"curies":[{"name":"wp","href":"https:\/\/api.w.org\/{rel}","templated":true}]}}