{"id":140138,"date":"2025-11-05T05:57:22","date_gmt":"2025-11-05T05:57:22","guid":{"rendered":"https:\/\/www.europesays.com\/pt\/140138\/"},"modified":"2025-11-05T05:57:22","modified_gmt":"2025-11-05T05:57:22","slug":"elon-musk-quer-tapar-o-sol-para-salvar-o-mundo","status":"publish","type":"post","link":"https:\/\/www.europesays.com\/pt\/140138\/","title":{"rendered":"Elon Musk quer tapar o Sol para salvar o mundo"},"content":{"rendered":"<p class=\"wp-caption-text top\">T-Mobile<\/p>\n<p><img decoding=\"async\" loading=\"lazy\" class=\"wp-image-674438 size-kopa-image-size-3\" src=\"https:\/\/www.europesays.com\/pt\/wp-content\/uploads\/2025\/11\/3d8022861f6e74908c249306d39b6a93-783x450.jpg\" alt=\"\" width=\"700\" height=\"402\"  \/><\/p>\n<p><strong>O CEO da SpaceX prop\u00f5e o uso de sat\u00e9lites para combater o aquecimento global. \u201cPequenos ajustes bastariam. A Terra j\u00e1 foi uma bola de neve muitas vezes\u201d.<\/strong><\/p>\n<p>O magnata<strong> Elon Musk<\/strong> voltou a surpreender o mundo, desta vez com uma proposta altamente ambiciosa, por dois (literalmente) gigantes motivos: o CEO da SpaceX parece querer tapar o Sol e, assim, salvar o mundo.<\/p>\n<p>Para enfrentar a crise clim\u00e1tica global, Musk sugeriu esta segunda-feira a cria\u00e7\u00e3o de uma constela\u00e7\u00e3o de sat\u00e9lites movidos a energia solar e equipados com intelig\u00eancia artificial (IA), capazes de ajustar a quantidade de radia\u00e7\u00e3o solar que atinge a Terra, numa tentativa de controlar o aquecimento ou arrefecimento do planeta.<\/p>\n<p>\u201cUma<strong> grande constela\u00e7\u00e3o de sat\u00e9lites<\/strong> de intelig\u00eancia artificial movidos a energia solar seria capaz de prevenir o aquecimento global, fazendo pequenos ajustes na quantidade de energia solar que chega \u00e0 Terra\u201d, <a href=\"https:\/\/x.com\/elonmusk\/status\/1985279182004420929\" data-wpel-link=\"external\" target=\"_blank\" rel=\"nofollow external noopener noreferrer\" class=\"ext-link\">escreveu<\/a> o multibilion\u00e1rio, na sua rede social, X.<\/p>\n<p>Questionado por um utilizador sobre como \u00e9 que a constela\u00e7\u00e3o de IA garantiria ajustes precisos e equitativos na energia solar em todos os hemisf\u00e9rios da Terra, tendo em conta as varia\u00e7\u00f5es sazonais e os potenciais conflitos geopol\u00edticos pelo controlo, Musk refor\u00e7ou que \u201cbastariam pequenos ajustes para evitar o aquecimento global ou o arrefecimento global.<\/p>\n<p>\u201cA Terra <a href=\"https:\/\/zap.aeiou.pt\/terra-foi-bola-de-neve-gigante-621610\" data-wpel-link=\"internal\" rel=\"nofollow noopener\" target=\"_blank\">j\u00e1 foi<\/a> uma bola de neve muitas vezes no passado\u201d, concluiu o magnata, sem apresentar, no entanto, detalhes espec\u00edficos sobre o projeto.<\/p>\n<p>A ideia insere-se no conceito de geoengenharia conhecido como Solar Radiation Modification (SRM), que consiste em bloquear ou refletir parte da radia\u00e7\u00e3o solar para reduzir a temperatura m\u00e9dia global. O magnata <a href=\"https:\/\/zap.aeiou.pt\/cientistas-bill-gates-bloquear-sol-233425\" data-wpel-link=\"internal\" rel=\"nofollow noopener\" target=\"_blank\">Bill Gates prop\u00f4s o mesmo<\/a> na d\u00e9cada passada, e fez <a href=\"https:\/\/zap.aeiou.pt\/bill-gates-bloquear-o-sol-378637\" data-wpel-link=\"internal\" rel=\"nofollow noopener\" target=\"_blank\">testes<\/a> com esse plano em vista em 2021.<\/p>\n<p>Nos \u00faltimos anos, v\u00e1rias empresas t\u00eam explorado tecnologias de SRM, incluindo o lan\u00e7amento de milhares de espelhos orbitais ou a utiliza\u00e7\u00e3o de aeross\u00f3is para replicar os efeitos de erup\u00e7\u00f5es vulc\u00e2nicas. Nenhuma delas, contudo, est\u00e1 pr\u00f3xima de uma implementa\u00e7\u00e3o em larga escala. A entrada da SpaceX neste sector colocaria uma gigante tecnol\u00f3gica numa ind\u00fastria ainda em fase inicial.<\/p>\n<p>No caso da Starlink de Musk, \u00e9 preciso muito mais \u201cfruta\u201d. A atual frota de quase 9.000 sat\u00e9lites da empresa espacial n\u00e3o poderia ser adaptada para esta finalidade, explica o <a href=\"https:\/\/gizmodo.com\/elon-musk-wants-to-block-out-the-sun-2000680770\" data-wpel-link=\"external\" target=\"_blank\" rel=\"nofollow external noopener noreferrer\" class=\"ext-link\">Gizmodo<\/a>, exigindo-se a cria\u00e7\u00e3o de uma nova divis\u00e3o dedicada exclusivamente ao projeto, o que implicaria custos estimados na ordem dos v\u00e1rios milhares de milh\u00f5es de d\u00f3lares.<\/p>\n<p>Muitos especialistas alertam no entanto para os riscos e limita\u00e7\u00f5es desta abordagem. Defendem que qualquer interven\u00e7\u00e3o em larga escala na radia\u00e7\u00e3o solar seria <strong>extremamente complexa, arriscada e imprevis\u00edvel<\/strong>, com potenciais efeitos negativos sobre os padr\u00f5es clim\u00e1ticos, biodiversidade, ciclos de dia e noite e rela\u00e7\u00f5es internacionais.<\/p>\n<p>A iniciativa surge num momento em que o planeta se aproxima de <a href=\"https:\/\/zap.aeiou.pt\/terra-a-morrer-limites-ultrapassados-706169\" data-wpel-link=\"internal\" rel=\"nofollow noopener\" target=\"_blank\">limites cr\u00edticos<\/a> e os esfor\u00e7os internacionais para reduzir emiss\u00f5es s\u00e3o ainda muito insuficientes.<\/p>\n<p>    <a href=\"https:\/\/zap.aeiou.pt\/subscrever-newsletter\" data-wpel-link=\"internal\" rel=\"nofollow noopener\" target=\"_blank\">&#13;<br \/>\n        <img loading=\"lazy\" decoding=\"async\" class=\"aligncenter size-full wp-image-575475\" src=\"https:\/\/www.europesays.com\/pt\/wp-content\/uploads\/2025\/10\/1759862234_971_2d51fe4a0ba54894421ead1809309ed9-1-450x140.jpg\" alt=\"Subscreva a Newsletter ZAP\" width=\"450\" height=\"140\"\/>&#13;<br \/>\n    <\/a><\/p>\n<p>                <a href=\"https:\/\/whatsapp.com\/channel\/0029VaIC4EE2f3EJZPPSbR34\" data-wpel-link=\"external\" target=\"_blank\" rel=\"nofollow external noopener noreferrer\" class=\"ext-link\">&#13;<br \/>\n                    <img loading=\"lazy\" decoding=\"async\" class=\"aligncenter size-full wp-image-575475\" src=\"https:\/\/www.europesays.com\/pt\/wp-content\/uploads\/2025\/10\/1759862234_512_c68c559d956d4ca20f435ed74a6e71e6.png\" alt=\"Siga-nos no WhatsApp\" width=\"175\" height=\"64\"\/>&#13;<br \/>\n                <\/a><\/p>\n<p>                <a href=\"https:\/\/news.google.com\/publications\/CAAiEHRwZondIV71PDjWNoqMduEqFAgKIhB0cGaJ3SFe9Tw41jaKjHbh?hl=en-US&amp;gl=US&amp;ceid=US%3Aen\" data-wpel-link=\"external\" target=\"_blank\" rel=\"nofollow external noopener noreferrer\" class=\"ext-link\">&#13;<br \/>\n                    <img loading=\"lazy\" decoding=\"async\" class=\"aligncenter size-full wp-image-575475\" src=\"https:\/\/www.europesays.com\/pt\/wp-content\/uploads\/2025\/10\/1759862235_242_5123dd8b087b644fdb8f8603acd1bad4.png\" alt=\"Siga-nos no Google News\" width=\"176\" height=\"64\"\/>&#13;<br \/>\n                <\/a><\/p>\n","protected":false},"excerpt":{"rendered":"T-Mobile O CEO da SpaceX prop\u00f5e o uso de sat\u00e9lites para combater o aquecimento global. \u201cPequenos ajustes bastariam.&hellip;\n","protected":false},"author":2,"featured_media":8694,"comment_status":"","ping_status":"","sticky":false,"template":"","format":"standard","meta":{"footnotes":""},"categories":[50],"tags":[964,5291,443,27,28,2271,584,15,16,17392,14,2172,25,26,21,22,62,12,13,19,20,23,24,2836,585,4109,110,17,18,29,30,31,63,64,65],"class_list":{"0":"post-140138","1":"post","2":"type-post","3":"status-publish","4":"format-standard","5":"has-post-thumbnail","7":"category-mundo","8":"tag-ambiente","9":"tag-aquecimento-global","10":"tag-astronomia","11":"tag-breaking-news","12":"tag-breakingnews","13":"tag-clima","14":"tag-elon-musk","15":"tag-featured-news","16":"tag-featurednews","17":"tag-geoengenharia","18":"tag-headlines","19":"tag-inovacao","20":"tag-latest-news","21":"tag-latestnews","22":"tag-main-news","23":"tag-mainnews","24":"tag-mundo","25":"tag-news","26":"tag-noticias","27":"tag-noticias-principais","28":"tag-noticiasprincipais","29":"tag-principais-noticias","30":"tag-principaisnoticias","31":"tag-sol","32":"tag-spacex","33":"tag-starlink","34":"tag-tecnologia","35":"tag-top-stories","36":"tag-topstories","37":"tag-ultimas","38":"tag-ultimas-noticias","39":"tag-ultimasnoticias","40":"tag-world","41":"tag-world-news","42":"tag-worldnews"},"share_on_mastodon":{"url":"https:\/\/pubeurope.com\/@pt\/115495557357665038","error":""},"_links":{"self":[{"href":"https:\/\/www.europesays.com\/pt\/wp-json\/wp\/v2\/posts\/140138","targetHints":{"allow":["GET"]}}],"collection":[{"href":"https:\/\/www.europesays.com\/pt\/wp-json\/wp\/v2\/posts"}],"about":[{"href":"https:\/\/www.europesays.com\/pt\/wp-json\/wp\/v2\/types\/post"}],"author":[{"embeddable":true,"href":"https:\/\/www.europesays.com\/pt\/wp-json\/wp\/v2\/users\/2"}],"replies":[{"embeddable":true,"href":"https:\/\/www.europesays.com\/pt\/wp-json\/wp\/v2\/comments?post=140138"}],"version-history":[{"count":0,"href":"https:\/\/www.europesays.com\/pt\/wp-json\/wp\/v2\/posts\/140138\/revisions"}],"wp:featuredmedia":[{"embeddable":true,"href":"https:\/\/www.europesays.com\/pt\/wp-json\/wp\/v2\/media\/8694"}],"wp:attachment":[{"href":"https:\/\/www.europesays.com\/pt\/wp-json\/wp\/v2\/media?parent=140138"}],"wp:term":[{"taxonomy":"category","embeddable":true,"href":"https:\/\/www.europesays.com\/pt\/wp-json\/wp\/v2\/categories?post=140138"},{"taxonomy":"post_tag","embeddable":true,"href":"https:\/\/www.europesays.com\/pt\/wp-json\/wp\/v2\/tags?post=140138"}],"curies":[{"name":"wp","href":"https:\/\/api.w.org\/{rel}","templated":true}]}}