{"id":140157,"date":"2025-11-05T06:45:11","date_gmt":"2025-11-05T06:45:11","guid":{"rendered":"https:\/\/www.europesays.com\/pt\/140157\/"},"modified":"2025-11-05T06:45:11","modified_gmt":"2025-11-05T06:45:11","slug":"tamires-assis-wallas-arrais-e-yona-sousa-disputam-a-prova-do-fazendeiro-nesta-quarta-5-record","status":"publish","type":"post","link":"https:\/\/www.europesays.com\/pt\/140157\/","title":{"rendered":"T\u00e0mires Ass\u00ees, Wallas Arrais e Yon\u00e1 Sousa disputam a Prova do Fazendeiro nesta quarta (5) \u2013 Record"},"content":{"rendered":"<p><img decoding=\"async\" data-chromatic=\"ignore\" alt=\"\" class=\"c-image\" loading=\"lazy\" src=\"https:\/\/www.europesays.com\/pt\/wp-content\/uploads\/2025\/11\/HB6DVYWKWNCXZJB5FDX7TI3PHE.png\"  width=\"677\" height=\"339\"\/>Sua torcida vai para T\u00e0mires, Wallas ou Yon\u00e1? Divulga\u00e7\u00e3o\/Fabiane De Faria <\/p>\n<p class=\"jarvics:base-text-neutral-high-400 base-text-[calc(theme(fontSize.xs)_*_var(--font-size,_1))] base-font-normal base-font-primary base-text-neutral-low-500 base-text-left\">O jogo de <a href=\"https:\/\/record.r7.com\/a-fazenda\/a-fazenda-17\/\" target=\"_self\" rel=\"nofollow noopener\" title=\"https:\/\/record.r7.com\/a-fazenda\/a-fazenda-17\/\"><b>A Fazenda 17<\/b><\/a> est\u00e1 afunilando e tem pe\u00e3o inovando nas alian\u00e7as para tentar se salvar na competi\u00e7\u00e3o. Para a s\u00e9tima forma\u00e7\u00e3o de Ro\u00e7a da temporada, <a href=\"https:\/\/record.r7.com\/a-fazenda\/a-fazenda-17\/peoes\/dudu-camargo\" target=\"_self\" rel=\"nofollow noopener\" title=\"https:\/\/record.r7.com\/a-fazenda\/a-fazenda-17\/peoes\/dudu-camargo\"><b>Dudu Camargo<\/b><\/a> se aproximou ainda mais de <a href=\"https:\/\/record.r7.com\/a-fazenda\/a-fazenda-17\/peoes\/shia-phoenix\" target=\"_self\" rel=\"nofollow noopener\" title=\"https:\/\/record.r7.com\/a-fazenda\/a-fazenda-17\/peoes\/shia-phoenix\"><b>Shia Phoenix<\/b><\/a> e a Equipe Total rachou antes mesmo de os banquinhos serem ocupados. <\/p>\n<ul class=\"b-article-body__list-unordered\">\n<li><b>Quer ficar por dentro de tudo que est\u00e1 acontecendo em\u00a0<\/b><b>A Fazenda 17<\/b><b>?\u00a0<\/b><a href=\"https:\/\/www.whatsapp.com\/channel\/0029Va2cJIR1noz2ahzX0D1N\" target=\"_blank\" rel=\"noreferrer nofollow noopener\" title=\"https:\/\/www.whatsapp.com\/channel\/0029Va2cJIR1noz2ahzX0D1N\"><b>Clique aqui<\/b><\/a><b>\u00a0e fa\u00e7a parte do nosso canal no WhatsApp!<\/b><\/li>\n<\/ul>\n<p class=\"jarvics:base-text-neutral-high-400 base-text-[calc(theme(fontSize.xs)_*_var(--font-size,_1))] base-font-normal base-font-primary base-text-neutral-low-500 base-text-left\">Comemorando seu bicampeonato na <a href=\"https:\/\/record.r7.com\/a-fazenda\/a-fazenda-17\/novidades\/fotos\/bicampeao-confira-a-vitoria-de-wallas-arrais-em-meio-ao-feno-da-prova-de-fogo-04112025\/\" target=\"_self\" rel=\"nofollow noopener\" title=\"https:\/\/record.r7.com\/a-fazenda\/a-fazenda-17\/novidades\/fotos\/bicampeao-confira-a-vitoria-de-wallas-arrais-em-meio-ao-feno-da-prova-de-fogo-04112025\/\"><b>Prova de Fogo<\/b><\/a>, <a href=\"https:\/\/record.r7.com\/a-fazenda\/a-fazenda-17\/peoes\/wallas-arrais\" target=\"_self\" rel=\"nofollow noopener\" title=\"https:\/\/record.r7.com\/a-fazenda\/a-fazenda-17\/peoes\/wallas-arrais\"><b>Wallas Arrais<\/b><\/a> se apossou do Lampi\u00e3o do Poder e nem precisou fingir costume com os pergaminhos. Ap\u00f3s analisar as op\u00e7\u00f5es, o cantor preferiu ficar com o Poder da Chama Laranja, e deu o da Chama Branca para <a href=\"https:\/\/record.r7.com\/a-fazenda\/a-fazenda-17\/peoes\/matheus-martins\" target=\"_self\" rel=\"nofollow noopener\" title=\"https:\/\/record.r7.com\/a-fazenda\/a-fazenda-17\/peoes\/matheus-martins\"><b>Matheus Martins<\/b><\/a>. <\/p>\n<p class=\"jarvics:base-text-neutral-high-400 base-text-[calc(theme(fontSize.xs)_*_var(--font-size,_1))] base-font-normal base-font-primary base-text-neutral-low-500 base-text-left\">Colocando em pr\u00e1tica mais uma estrat\u00e9gia elaborada pelo \u2018Grupo Domin\u00f3\u2019, <a href=\"https:\/\/record.r7.com\/a-fazenda\/a-fazenda-17\/peoes\/toninho-tornado\" target=\"_self\" rel=\"nofollow noopener\" title=\"https:\/\/record.r7.com\/a-fazenda\/a-fazenda-17\/peoes\/toninho-tornado\"><b>Toninho Tornado<\/b><\/a> mandou o primeiro pe\u00e3o para o destino indesejado. <\/p>\n<p class=\"jarvics:base-text-neutral-high-400 base-text-[calc(theme(fontSize.xs)_*_var(--font-size,_1))] base-font-normal base-font-primary base-text-neutral-low-500 base-text-left\">\u201cDeu o primeiro ataque [na <a href=\"https:\/\/record.r7.com\/a-fazenda\/a-fazenda-17\/novidades\/fotos\/festa-corrida-maluca-tem-treta-generalizada-e-show-interrompido-em-a-fazenda-17-01112025\/\" target=\"_self\" rel=\"nofollow noopener\" title=\"https:\/\/record.r7.com\/a-fazenda\/a-fazenda-17\/novidades\/fotos\/festa-corrida-maluca-tem-treta-generalizada-e-show-interrompido-em-a-fazenda-17-01112025\/\"><b>Festa Corrida Maluca<\/b><\/a>]\u201d, justificou o Fazendeiro ao indicar <a href=\"https:\/\/record.r7.com\/a-fazenda\/a-fazenda-17\/peoes\/rayane-figliuzzi\" target=\"_self\" rel=\"nofollow noopener\" title=\"https:\/\/record.r7.com\/a-fazenda\/a-fazenda-17\/peoes\/rayane-figliuzzi\"><b>Rayane Figliuzzi<\/b><\/a> \u00e0 Ro\u00e7a. Na sua defesa, a empres\u00e1ria disparou: \u201cAqui \u00e9 um lugar bem dif\u00edcil de se conviver\u201d. <\/p>\n<p class=\"jarvics:base-text-neutral-high-400 base-text-[calc(theme(fontSize.xs)_*_var(--font-size,_1))] base-font-normal base-font-primary base-text-neutral-low-500 base-text-left\">Em seguida, os votos da sede correram soltos pelo Deck. Com 11 indica\u00e7\u00f5es acumuladas, <a href=\"https:\/\/record.r7.com\/a-fazenda\/a-fazenda-17\/peoes\/yona-sousa\" target=\"_self\" rel=\"nofollow noopener\" title=\"https:\/\/record.r7.com\/a-fazenda\/a-fazenda-17\/peoes\/yona-sousa\"><b>Yon\u00e1 Sousa<\/b><\/a> garantiu vaga no segundo banquinho. <\/p>\n<p class=\"jarvics:base-text-neutral-high-400 base-text-[calc(theme(fontSize.xs)_*_var(--font-size,_1))] base-font-normal base-font-primary base-text-neutral-low-500 base-text-left\">O pergaminho branco chegou para bagun\u00e7ar tudo e com a vantagem em m\u00e3os, Matheus avisou que a puxada da Baia n\u00e3o seria tradicional. <\/p>\n<p class=\"jarvics:base-text-neutral-high-400 base-text-[calc(theme(fontSize.xs)_*_var(--font-size,_1))] base-font-normal base-font-primary base-text-neutral-low-500 base-text-left\">Ele precisou escolher dois pe\u00f5es do dormit\u00f3rio de Apolo para serem votados pela sede e, assim, ocuparem o terceiro banquinho. O modelo apontou <a href=\"https:\/\/record.r7.com\/a-fazenda\/a-fazenda-17\/peoes\/tamires-assis\" target=\"_self\" rel=\"nofollow noopener\" title=\"https:\/\/record.r7.com\/a-fazenda\/a-fazenda-17\/peoes\/tamires-assis\"><b>T\u00e0mires Ass\u00ees<\/b><\/a> e <a href=\"https:\/\/record.r7.com\/a-fazenda\/a-fazenda-17\/peoes\/carol-lekker\" target=\"_self\" rel=\"nofollow noopener\" title=\"https:\/\/record.r7.com\/a-fazenda\/a-fazenda-17\/peoes\/carol-lekker\"><b>Carol Lekker<\/b><\/a>. <\/p>\n<p class=\"jarvics:base-text-neutral-high-400 base-text-[calc(theme(fontSize.xs)_*_var(--font-size,_1))] base-font-normal base-font-primary base-text-neutral-low-500 base-text-left\">Com nove indica\u00e7\u00f5es, a cunh\u00e3 teve o destino indesejado. <\/p>\n<p class=\"jarvics:base-text-neutral-high-400 base-text-[calc(theme(fontSize.xs)_*_var(--font-size,_1))] base-font-normal base-font-primary base-text-neutral-low-500 base-text-left\">Dessa vez, o Resta Um voltou com tudo. Ap\u00f3s todas as escolhas, Wallas acabou sobrando. A forma\u00e7\u00e3o estaria completa se n\u00e3o fosse pelo Poder da Chama Laranja. <\/p>\n<p class=\"jarvics:base-text-neutral-high-400 base-text-[calc(theme(fontSize.xs)_*_var(--font-size,_1))] base-font-normal base-font-primary base-text-neutral-low-500 base-text-left\">Contudo, devido ao comportamento do cantor, sua vantagem foi anulada. Mesmo assim, o pe\u00e3o ganhou a chance de vetar uma competidora da Prova do Fazendeiro e impediu Ray de disputar pela coroa caipira.<\/p>\n<p class=\"jarvics:base-text-neutral-high-400 base-text-[calc(theme(fontSize.xs)_*_var(--font-size,_1))] base-font-normal base-font-primary base-text-neutral-low-500 base-text-left\">Com isso, T\u00e0mires, Wallas e Yon\u00e1, v\u00e3o descer para o play em uma disputa pelo novo comando da sede nesta quarta (5). J\u00e1 sabe para em vai sua torcida?<\/p>\n<p class=\"jarvics:base-text-neutral-high-400 base-text-[calc(theme(fontSize.xs)_*_var(--font-size,_1))] base-font-normal base-font-primary base-text-neutral-low-500 base-text-left\">Fique ligado! <a href=\"https:\/\/record.r7.com\/a-fazenda\/a-fazenda-17\/\" rel=\"nofollow noopener\" title=\"https:\/\/record.r7.com\/a-fazenda\/a-fazenda-17\/\" target=\"_blank\"><b>A Fazenda 17<\/b><\/a> vai ao ar de segunda a domingo, \u00e0s 22h30, na tela da <a href=\"https:\/\/record.r7.com\/\" rel=\"nofollow noopener\" target=\"_blank\"><b>RECORD<\/b><\/a>. Assine o <a href=\"https:\/\/www.recordplus.com\/home\" rel=\"nofollow noopener\" title=\"https:\/\/www.recordplus.com\/home\" target=\"_blank\"><b>RecordPlus<\/b><\/a> e tenha acesso \u00e0s c\u00e2meras 24 horas.<\/p>\n<p><b>Fogo no deck! Relembre os poderes do Lampi\u00e3o que incendiaram a forma\u00e7\u00e3o de Ro\u00e7a de <\/b><b>A Fazenda<\/b><\/p>\n<p class=\"jarvics:base-text-neutral-high-400 base-text-[calc(theme(fontSize.xxs)_*_var(--font-size,_1))] base-font-semibold base-font-primary base-text-neutral-low-500 base-text-left\">Al\u00e9m da chuva de apontamentos e justificativas no deck de A Fazenda 17, a forma\u00e7\u00e3o da Ro\u00e7a conta com pergaminhos inflam\u00e1veis que garantem doses extras de fogo no feno. Na m\u00e3o do vencedor da Prova de Fogo, o Lampi\u00e3o do Poder oferece vantagens cheias de reviravoltas que podem mudar os rumos do game; relembre os poderes usados na temporada<\/p>\n<p class=\"jarvics:base-text-neutral-high-400 base-text-[calc(theme(fontSize.little)_*_var(--font-size,_1))] base-font-normal base-font-primary base-text-neutral-low-500 base-text-left\">Arte\/R7<\/p>\n","protected":false},"excerpt":{"rendered":"Sua torcida vai para T\u00e0mires, Wallas ou Yon\u00e1? Divulga\u00e7\u00e3o\/Fabiane De Faria O jogo de A Fazenda 17 est\u00e1&hellip;\n","protected":false},"author":2,"featured_media":140158,"comment_status":"","ping_status":"","sticky":false,"template":"","format":"standard","meta":{"footnotes":""},"categories":[142],"tags":[657,114,115,32,22718,33,22719,151],"class_list":{"0":"post-140157","1":"post","2":"type-post","3":"status-publish","4":"format-standard","5":"has-post-thumbnail","7":"category-tv","8":"tag-a-fazenda","9":"tag-entertainment","10":"tag-entretenimento","11":"tag-portugal","12":"tag-prova-do-fazendeiro","13":"tag-pt","14":"tag-roca","15":"tag-tv"},"share_on_mastodon":{"url":"https:\/\/pubeurope.com\/@pt\/115495746001508137","error":""},"_links":{"self":[{"href":"https:\/\/www.europesays.com\/pt\/wp-json\/wp\/v2\/posts\/140157","targetHints":{"allow":["GET"]}}],"collection":[{"href":"https:\/\/www.europesays.com\/pt\/wp-json\/wp\/v2\/posts"}],"about":[{"href":"https:\/\/www.europesays.com\/pt\/wp-json\/wp\/v2\/types\/post"}],"author":[{"embeddable":true,"href":"https:\/\/www.europesays.com\/pt\/wp-json\/wp\/v2\/users\/2"}],"replies":[{"embeddable":true,"href":"https:\/\/www.europesays.com\/pt\/wp-json\/wp\/v2\/comments?post=140157"}],"version-history":[{"count":0,"href":"https:\/\/www.europesays.com\/pt\/wp-json\/wp\/v2\/posts\/140157\/revisions"}],"wp:featuredmedia":[{"embeddable":true,"href":"https:\/\/www.europesays.com\/pt\/wp-json\/wp\/v2\/media\/140158"}],"wp:attachment":[{"href":"https:\/\/www.europesays.com\/pt\/wp-json\/wp\/v2\/media?parent=140157"}],"wp:term":[{"taxonomy":"category","embeddable":true,"href":"https:\/\/www.europesays.com\/pt\/wp-json\/wp\/v2\/categories?post=140157"},{"taxonomy":"post_tag","embeddable":true,"href":"https:\/\/www.europesays.com\/pt\/wp-json\/wp\/v2\/tags?post=140157"}],"curies":[{"name":"wp","href":"https:\/\/api.w.org\/{rel}","templated":true}]}}