{"id":140161,"date":"2025-11-05T06:56:16","date_gmt":"2025-11-05T06:56:16","guid":{"rendered":"https:\/\/www.europesays.com\/pt\/140161\/"},"modified":"2025-11-05T06:56:16","modified_gmt":"2025-11-05T06:56:16","slug":"luciano-huck-entrevista-principe-william-para-o-domingao","status":"publish","type":"post","link":"https:\/\/www.europesays.com\/pt\/140161\/","title":{"rendered":"Luciano Huck entrevista pr\u00edncipe William para o Doming\u00e3o"},"content":{"rendered":"<p>Pr\u00edncipe William, que desembarcou no Brasil para participar da COP-30, concedeu uma entrevista a Luciano Huck no Rio de Janeiro, antes de seguir viagem para Bel\u00e9m. A mat\u00e9ria vai ao ar no Doming\u00e3o do Huck, na Globo.<\/p>\n<p>O herdeiro da coroa brit\u00e2nica \u00e9 o anfitri\u00e3o do Earthshot Prize, pr\u00eamio internacional que exalta projetos de inova\u00e7\u00e3o e preserva\u00e7\u00e3o ambiental, que neste ano ser\u00e1 entregue na cidade maravilhosa.<\/p>\n<p>+\u00a0<a href=\"https:\/\/natelinha.uol.com.br\/famosos\/2025\/11\/04\/ex-prefeito-reclama-de-ator-que-o-interpretou-em-tremembe-sou-bonito-233494.php\" rel=\"nofollow noopener\" target=\"_blank\">Ex-prefeito reclama de ator que o interpretou em Trememb\u00e9: &#8220;Sou bonito&#8221;<\/a><\/p>\n<p>continua depois da publicidade<\/p>\n<p>+\u00a0<a href=\"https:\/\/natelinha.uol.com.br\/famosos\/2025\/11\/04\/o-terrivel-trauma-que-fez-eliezer-fugir-do-halloween-233493.php\" rel=\"nofollow noopener\" target=\"_blank\">O terr\u00edvel trauma que fez Eliezer fugir do Halloween<\/a><\/p>\n<p>A premia\u00e7\u00e3o est\u00e1 prevista para acontecer na quarta-feira (5), no Museu do Amanh\u00e3, na Pra\u00e7a Mau\u00e1. Cerca de R$ 6,5 milh\u00f5es ser\u00e3o distribu\u00eddos a cinco solu\u00e7\u00f5es ambientais tidas como inovadoras.<\/p>\n<p>Na segunda-feira (3), <a href=\"https:\/\/natelinha.uol.com.br\/famosos\/tudo-sobre\/luciano-huck\" rel=\"nofollow noopener\" target=\"_blank\">Luciano Huck<\/a> promoveu um jantar em sua casa para a c\u00fapula do Earthshot Prize. O apresentador tem forte liga\u00e7\u00e3o com algumas ONGs, al\u00e9m de ter fundado o Instituto Criar de TV, Cinema e Novas M\u00eddias, cujo objetivo \u00e9 formar jovens carentes para trabalhar no setor audiovisual.<\/p>\n<p>O que pr\u00edncipe William veio fazer no Brasil<\/p>\n<p><a href=\"https:\/\/natelinha.uol.com.br\/famosos\/tudo-sobre\/principe-william\" rel=\"nofollow noopener\" target=\"_blank\">Pr\u00edncipe William<\/a> chegou ao Brasil na segunda-feira (3) e chegou a posar para fotos com pessoas que estavam no P\u00e3o de A\u00e7\u00facar, um dos pontos tur\u00edsticos mais famosos do Rio de Janeiro. O herdeiro do trono brit\u00e2nico tamb\u00e9m recebeu a chave da cidade das m\u00e3os do prefeito Eduardo Paes (PSD).<\/p>\n<p>continua depois da publicidade<\/p>\n<p>Mais tarde, ele foi ao est\u00e1dio do Maracan\u00e3, onde recebeu uma calorosa recep\u00e7\u00e3o do ex-jogador Cafu e se reuniu com jovens lideran\u00e7as do Brasil, da \u00c1frica e da \u00c1sia para discutir solu\u00e7\u00f5es para as quest\u00f5es ambientais.<\/p>\n<p>No fim da tarde, pr\u00edncipe William foi a Copacabana prestigiar o trabalho dos guarda-vidas e aproveitou para jogar v\u00f4lei de praia. No Rio, o principal compromisso dele \u00e9 a cerim\u00f4nia do Pr\u00eamio Earthshot. J\u00e1 em Bel\u00e9m, a COP-30.<\/p>\n<blockquote class=\"instagram-media\" data-instgrm-captioned=\"\" data-instgrm-version=\"7\" style=\"width:100%;\"><p>\n\t\t\t\t\t\t\t\t\t<a href=\"https:\/\/www.instagram.com\/p\/DQmbNf6jdln\/\" rel=\"nofollow noopener\" target=\"_blank\">\n\t\t\t\t\t\t\t\t<\/p><\/blockquote>\n<p>                    <script async src=\"\/\/www.instagram.com\/embed.js\"><\/script><\/p>\n","protected":false},"excerpt":{"rendered":"Pr\u00edncipe William, que desembarcou no Brasil para participar da COP-30, concedeu uma entrevista a Luciano Huck no Rio&hellip;\n","protected":false},"author":2,"featured_media":140162,"comment_status":"","ping_status":"","sticky":false,"template":"","format":"standard","meta":{"footnotes":""},"categories":[145],"tags":[211,210,5923,5922,114,115,753,2815,32,8696,33],"class_list":{"0":"post-140161","1":"post","2":"type-post","3":"status-publish","4":"format-standard","5":"has-post-thumbnail","7":"category-celebridades","8":"tag-celebridades","9":"tag-celebrities","10":"tag-domingao","11":"tag-domingao-com-huck","12":"tag-entertainment","13":"tag-entretenimento","14":"tag-globo","15":"tag-luciano-huck","16":"tag-portugal","17":"tag-principe-william","18":"tag-pt"},"share_on_mastodon":{"url":"https:\/\/pubeurope.com\/@pt\/115495789037457444","error":""},"_links":{"self":[{"href":"https:\/\/www.europesays.com\/pt\/wp-json\/wp\/v2\/posts\/140161","targetHints":{"allow":["GET"]}}],"collection":[{"href":"https:\/\/www.europesays.com\/pt\/wp-json\/wp\/v2\/posts"}],"about":[{"href":"https:\/\/www.europesays.com\/pt\/wp-json\/wp\/v2\/types\/post"}],"author":[{"embeddable":true,"href":"https:\/\/www.europesays.com\/pt\/wp-json\/wp\/v2\/users\/2"}],"replies":[{"embeddable":true,"href":"https:\/\/www.europesays.com\/pt\/wp-json\/wp\/v2\/comments?post=140161"}],"version-history":[{"count":0,"href":"https:\/\/www.europesays.com\/pt\/wp-json\/wp\/v2\/posts\/140161\/revisions"}],"wp:featuredmedia":[{"embeddable":true,"href":"https:\/\/www.europesays.com\/pt\/wp-json\/wp\/v2\/media\/140162"}],"wp:attachment":[{"href":"https:\/\/www.europesays.com\/pt\/wp-json\/wp\/v2\/media?parent=140161"}],"wp:term":[{"taxonomy":"category","embeddable":true,"href":"https:\/\/www.europesays.com\/pt\/wp-json\/wp\/v2\/categories?post=140161"},{"taxonomy":"post_tag","embeddable":true,"href":"https:\/\/www.europesays.com\/pt\/wp-json\/wp\/v2\/tags?post=140161"}],"curies":[{"name":"wp","href":"https:\/\/api.w.org\/{rel}","templated":true}]}}