{"id":140164,"date":"2025-11-05T07:07:11","date_gmt":"2025-11-05T07:07:11","guid":{"rendered":"https:\/\/www.europesays.com\/pt\/140164\/"},"modified":"2025-11-05T07:07:11","modified_gmt":"2025-11-05T07:07:11","slug":"cecile-kohler-e-jacques-paris-macron-anuncia-a-libertacao-de-dois-franceses-detidos-no-irao","status":"publish","type":"post","link":"https:\/\/www.europesays.com\/pt\/140164\/","title":{"rendered":"C\u00e9cile Kohler e Jacques Paris. Macron anuncia a liberta\u00e7\u00e3o de dois franceses detidos no Ir\u00e3o"},"content":{"rendered":"<p>&#13;<br \/>\nEmmanuel Macron considerou a liberta\u00e7\u00e3o do casal franc\u00eas<b>\u00a0&#8220;um enorme al\u00edvio&#8221;<\/b>.&#13;\n<\/p>\n<p>&#13;<br \/>\nA professora de letras de 40 anos C\u00e9cile Kohler e o seu companheiro de &#13;<br \/>\n72 anos Jacques Paris foram detidos a 7 de maio de 2022, no \u00faltimo dia &#13;<br \/>\nde uma viagem tur\u00edstica ao Ir\u00e3o. <b>Os\u00a0dois franceses acusados de espionagem a favor dos\u00a0servi\u00e7os secretos franceses e israelitas<\/b>, foram condenados em meados de outubro pela justi\u00e7a iraniana a 20 e 17 anos de pris\u00e3o, respetivamente.&#13;\n<\/p>\n<p>&#13;<br \/>\nNuma publica\u00e7\u00e3o na rede social X, o presidente franc\u00eas anunciou que os dois franceses &#8220;C\u00e9cile Kohler e Jacques Paris, detidos h\u00e1 tr\u00eas anos no Ir\u00e3o, sa\u00edram da pris\u00e3o de Evin e est\u00e3o a caminho da Embaixada da Fran\u00e7a em Teer\u00e3o&#8221;.\u00a0&#13;\n<\/p>\n<p>&#13;<br \/>\n<b>&#8220;Congratulo-me com este primeiro passo. O di\u00e1logo continua para permitir&#13;<br \/>\no seu regresso a Fran\u00e7a o mais rapidamente poss\u00edvel.&#8221;<\/b>, acrescentou.&#13;\n<\/p>\n<p><\/p>\n<blockquote class=\"twitter-tweet\"><p>&#13;<\/p>\n<p dir=\"ltr\" lang=\"fr\">&#13;<br \/>\n\tSoulagement immense !<\/p>\n<p>C\u00e9cile Kohler et Jacques Paris, d\u00e9tenus depuis trois ans en Iran, sont sortis de la prison d&#8217;Evin et sont en route pour l\u2019Ambassade de France \u00e0 T\u00e9h\u00e9ran.<\/p>\n<p>Je me f\u00e9licite de cette premi\u00e8re \u00e9tape. Le dialogue se poursuit\u2026&#13;\n\t<\/p>\n<p>&#13;<br \/>\n\t\u2014 Emmanuel Macron (@EmmanuelMacron) <a href=\"https:\/\/twitter.com\/EmmanuelMacron\/status\/1985774802188321062?ref_src=twsrc%5Etfw\" rel=\"nofollow noopener\" target=\"_blank\">November 4, 2025<\/a>&#13;\n<\/p><\/blockquote>\n<p>&#13;<br \/>\n&#8220;\u00c9 um primeiro passo para uma liberta\u00e7\u00e3o definitiva&#8221;&#13;\n<\/p>\n<p>Entretanto, o ministro franc\u00eas dos Neg\u00f3cios Estrangeiros  Jean-No\u00ebl Barrot acrescentou no X que:\u00a0<b>&#8220;Eles\u00a0est\u00e3o em seguran\u00e7a na Resid\u00eancia da Fran\u00e7a, em Teer\u00e3o, \u00e0 espera da sua liberta\u00e7\u00e3o definitiva&#8221;. <\/b>No notici\u00e1rio da<a href=\"https:\/\/www.franceinfo.fr\/monde\/iran\/video-cecile-kohler-et-jacques-paris-vont-bien-et-semblent-en-bonne-sante-declare-le-ministre-des-affaires-etrangeres-apres-leur-sortie-de-prison-en-iran_7595225.html\" target=\"_blank\" rel=\"nofollow noopener\"> France 2<\/a>,\u00a0Jean-No\u00ebl Barrot precisou que os ex-detidos franceses &#8220;est\u00e3o bem&#8221; e &#8220;parecem estar de boa sa\u00fade&#8221;.\u00a0<\/p>\n<p>&#13;<br \/>\nAlguns minutos ap\u00f3s o an\u00fanico da sua liberta\u00e7\u00e3o da pris\u00e3o, o chefe da diplomacia francesa adiantou que:<b> &#8220;Vamos continuar o trabalho para obter a sua liberta\u00e7\u00e3o&#8221;.\u00a0<\/b>&#13;\n<\/p>\n<p>&#13;<br \/>\nSem revelar as condi\u00e7\u00f5es da liberta\u00e7\u00e3o aparentemente condicional dos dois franceses<b>,<\/b> Barrot real\u00e7ou &#8220;uma not\u00edcia que \u00e9 positiva&#8221;:<b> &#8220;Esta noite, eles est\u00e3o em seguran\u00e7a na embaixada&#8221;<\/b>, afirmou.&#13;\n<\/p>\n<p>&#13;<br \/>\n&#8220;Libertados sob fian\u00e7a&#8221;&#13;\n<\/p>\n<p>&#13;<br \/>\nO minist\u00e9rio iraniano dos Neg\u00f3cios Estrangeiros declarou que C\u00e9cile Kohler e Jacques Paris encontram-se em &#8220;liberdade condicional&#8221; e foram &#8220;libertados sob fian\u00e7a&#8221;, num comunicado intitulado &#8220;Liberdade condicional de dois cidad\u00e3os franceses&#8221;, divulgado na noite de ter\u00e7a-feira.&#13;\n<\/p>\n<p><b>&#8220;Estes dois cidad\u00e3os franceses detidos por infra\u00e7\u00f5es \u00e0 seguran\u00e7a nacional foram libertados sob fian\u00e7a pelo juiz respons\u00e1vel pelo caso e ficar\u00e3o sob vigil\u00e2ncia at\u00e9 \u00e0 pr\u00f3xima etapa judicial<\/b>&#8220;, escreveu o porta-voz do Minist\u00e9rio iraniano dos Neg\u00f3cios Estrangeiros, Esma\u00efl Bagha\u00ef.\u00a0<\/p>\n<p>&#13;<br \/>\nc\/ag\u00eancias&#13;\n<\/p>\n<p>            <script async src=\"https:\/\/platform.twitter.com\/widgets.js\" charset=\"utf-8\"><\/script><\/p>\n","protected":false},"excerpt":{"rendered":"&#13; Emmanuel Macron considerou a liberta\u00e7\u00e3o do casal franc\u00eas\u00a0&#8220;um enorme al\u00edvio&#8221;.&#13; &#13; A professora de letras de 40&hellip;\n","protected":false},"author":2,"featured_media":140165,"comment_status":"","ping_status":"","sticky":false,"template":"","format":"standard","meta":{"footnotes":""},"categories":[50],"tags":[27,28,31163,447,31162,15,16,208,14,5453,31164,25,26,21,22,62,12,13,19,20,2458,23,24,5454,17,18,29,30,31,63,64,65],"class_list":{"0":"post-140164","1":"post","2":"type-post","3":"status-publish","4":"format-standard","5":"has-post-thumbnail","7":"category-mundo","8":"tag-breaking-news","9":"tag-breakingnews","10":"tag-cecile-kohler","11":"tag-emmanuel-macron","12":"tag-evin","13":"tag-featured-news","14":"tag-featurednews","15":"tag-franca","16":"tag-headlines","17":"tag-irao","18":"tag-jacques-paris","19":"tag-latest-news","20":"tag-latestnews","21":"tag-main-news","22":"tag-mainnews","23":"tag-mundo","24":"tag-news","25":"tag-noticias","26":"tag-noticias-principais","27":"tag-noticiasprincipais","28":"tag-paris","29":"tag-principais-noticias","30":"tag-principaisnoticias","31":"tag-teerao","32":"tag-top-stories","33":"tag-topstories","34":"tag-ultimas","35":"tag-ultimas-noticias","36":"tag-ultimasnoticias","37":"tag-world","38":"tag-world-news","39":"tag-worldnews"},"share_on_mastodon":{"url":"","error":"Validation failed: Text character limit of 500 exceeded"},"_links":{"self":[{"href":"https:\/\/www.europesays.com\/pt\/wp-json\/wp\/v2\/posts\/140164","targetHints":{"allow":["GET"]}}],"collection":[{"href":"https:\/\/www.europesays.com\/pt\/wp-json\/wp\/v2\/posts"}],"about":[{"href":"https:\/\/www.europesays.com\/pt\/wp-json\/wp\/v2\/types\/post"}],"author":[{"embeddable":true,"href":"https:\/\/www.europesays.com\/pt\/wp-json\/wp\/v2\/users\/2"}],"replies":[{"embeddable":true,"href":"https:\/\/www.europesays.com\/pt\/wp-json\/wp\/v2\/comments?post=140164"}],"version-history":[{"count":0,"href":"https:\/\/www.europesays.com\/pt\/wp-json\/wp\/v2\/posts\/140164\/revisions"}],"wp:featuredmedia":[{"embeddable":true,"href":"https:\/\/www.europesays.com\/pt\/wp-json\/wp\/v2\/media\/140165"}],"wp:attachment":[{"href":"https:\/\/www.europesays.com\/pt\/wp-json\/wp\/v2\/media?parent=140164"}],"wp:term":[{"taxonomy":"category","embeddable":true,"href":"https:\/\/www.europesays.com\/pt\/wp-json\/wp\/v2\/categories?post=140164"},{"taxonomy":"post_tag","embeddable":true,"href":"https:\/\/www.europesays.com\/pt\/wp-json\/wp\/v2\/tags?post=140164"}],"curies":[{"name":"wp","href":"https:\/\/api.w.org\/{rel}","templated":true}]}}