{"id":140210,"date":"2025-11-05T08:10:11","date_gmt":"2025-11-05T08:10:11","guid":{"rendered":"https:\/\/www.europesays.com\/pt\/140210\/"},"modified":"2025-11-05T08:10:11","modified_gmt":"2025-11-05T08:10:11","slug":"como-a-pj-apanhou-17-toneladas-de-coca-em-alto-mar-observador","status":"publish","type":"post","link":"https:\/\/www.europesays.com\/pt\/140210\/","title":{"rendered":"Como a PJ apanhou 1,7 toneladas de &#8216;coca&#8217; em alto mar \u2013 Observador"},"content":{"rendered":"<p>Com menos de oito meses a separar esta opera\u00e7\u00e3o e a apreens\u00e3o de um semi-submers\u00edvel com 6,5 toneladas de coca\u00edna, em mar\u00e7o deste ano, as compara\u00e7\u00f5es s\u00e3o inevit\u00e1veis. A primeira salta \u00e0 vista: a constru\u00e7\u00e3o das duas embarca\u00e7\u00f5es n\u00e3o obedece ao mesmo rigor t\u00e9cnico.<\/p>\n<p>\u201cO conhecimento est\u00e1 na posse das organiza\u00e7\u00f5es [criminosas], a forma como desenvolvem os \u2018narcosubmarinos\u2019 depende das capacidades da organiza\u00e7\u00e3o\u201d, a quem compete \u201cadequar a constru\u00e7\u00e3o \u00e0 necessidade do que pretendem fazer\u201d, dependendo do or\u00e7amento. V\u00edtor Ananias compara com a constru\u00e7\u00e3o de uma casa: os arquitetos t\u00eam o conhecimento, mas cada qual constr\u00f3i da forma mais conveniente.<\/p>\n<p class=\"tinymceh1\"><strong>[H\u00e1 d\u00favidas at\u00e9 ao fim que acabam na vit\u00f3ria mais curta da Hist\u00f3ria.\u00a0A\u00a0<a href=\"https:\/\/observador.pt\/wp-admin\/post.php?post=7685876&amp;action=edit\" rel=\"nofollow noopener\" target=\"_blank\">\u201cElei\u00e7\u00e3o Mais Louca de Sempre\u201d<\/a>\u00a0\u00e9 o novo Podcast Plus do Observador sobre as Presidenciais de 1986. Uma s\u00e9rie narrada pelo ator Gon\u00e7alo Waddington, com banda sonora original de Samuel \u00daria. Pode ouvir o \u00faltimo epis\u00f3dio\u00a0<a href=\"https:\/\/observador.pt\/programas\/a-eleio-mais-louca-de-sempre\/episodio-6-a-vitoria-mais-curta-da-historia\/\" rel=\"nofollow noopener\" target=\"_blank\">aqui<\/a>, no\u00a0Observador, e tamb\u00e9m na\u00a0<a href=\"https:\/\/podcasts.apple.com\/pt\/podcast\/epis%C3%B3dio-6-a-vit%C3%B3ria-mais-curta-da-hist%C3%B3ria\/id1841273464?i=1000735108841\" rel=\"nofollow noopener\" target=\"_blank\">Apple Podcasts<\/a>, no\u00a0<a href=\"https:\/\/open.spotify.com\/episode\/01P6DWg39vDsqRDF9hHto6?si=32fb673d4e6f476f\" rel=\"nofollow noopener\" target=\"_blank\">Spotify<\/a>\u00a0e no\u00a0<a href=\"https:\/\/music.youtube.com\/watch?v=tC9N52JuIbI&amp;si=yDUA94GtcmbZxfYl\" rel=\"nofollow noopener\" target=\"_blank\">Youtube Music<\/a>. E pode ouvir o primeiro epis\u00f3dio\u00a0<a href=\"https:\/\/observador.pt\/programas\/a-eleio-mais-louca-de-sempre\/estreia-a-eleicao-mais-louca-de-sempre-episodio-1-apostamos-no-cavalo-errado\/\" target=\"_blank\" rel=\"noopener nofollow\">aqui<\/a>,\u00a0o segundo\u00a0<a href=\"https:\/\/observador.pt\/programas\/a-eleio-mais-louca-de-sempre\/episodio-2-uma-traicao-inesperada\/\" target=\"_blank\" rel=\"noopener nofollow\">aqui<\/a>,\u00a0o terceiro\u00a0<a href=\"https:\/\/observador.pt\/programas\/a-eleio-mais-louca-de-sempre\/episodio-3-ele-nao-e-meu-irmao\/\" rel=\"nofollow noopener\" target=\"_blank\">aqui<\/a>, o\u00a0<a href=\"https:\/\/observador.pt\/programas\/a-eleio-mais-louca-de-sempre\/episodio-4-portugal-nao-e-moscovo\/\" rel=\"nofollow noopener\" target=\"_blank\">quarto<\/a>\u00a0aqui e o\u00a0<a href=\"https:\/\/observador.pt\/programas\/a-eleio-mais-louca-de-sempre\/episodio-5-uma-armadilha-em-direto\/\" rel=\"nofollow noopener\" target=\"_blank\">quinto\u00a0<\/a>aqui]<\/strong><\/p>\n<p><a href=\"https:\/\/observador.pt\/programas\/a-eleio-mais-louca-de-sempre\/episodio-6-a-vitoria-mais-curta-da-historia\/\" rel=\"nofollow noopener\" target=\"_blank\"><\/p>\n<p>        <img src=\"https:\/\/www.europesays.com\/pt\/wp-content\/uploads\/2025\/10\/1761878958_488_770-a-eleicao-mais-louca-de-sempre-playicon.png\" alt=\"\" loading=\"lazy\" decoding=\"async\" class=\"alignnone\" onload=\"this.parentElement.classList.remove('spinner')\" onerror=\"this.parentElement.classList.remove('spinner')\" width=\"770\" height=\"433\"\/>    <\/p>\n<p><\/a><\/p>\n<p>Certo \u00e9 que, mesmo sendo mais \u201cfr\u00e1gil\u201d, como descreveu a Marinha, esta embarca\u00e7\u00e3o conseguiu aguentar cerca de duas semanas no mar, bem perto das tr\u00eas semanas que costuma durar este processo (seja a travessia total ou at\u00e9 ao momento em que h\u00e1 o transbordo para uma lancha r\u00e1pida). A longa exposi\u00e7\u00e3o a condi\u00e7\u00f5es hostis fez com que os tripulantes n\u00e3o tentassem escapar \u00e0 deten\u00e7\u00e3o: \u201cN\u00e3o apresentaram resist\u00eancia, \u00e9 dif\u00edcil tamb\u00e9m porque t\u00eam 15 dias debaixo do mar, completamente fechados, sem privacidade ou regalias, com calor\u2026\u201d, explicou Ananias.<\/p>\n","protected":false},"excerpt":{"rendered":"Com menos de oito meses a separar esta opera\u00e7\u00e3o e a apreens\u00e3o de um semi-submers\u00edvel com 6,5 toneladas&hellip;\n","protected":false},"author":2,"featured_media":140211,"comment_status":"","ping_status":"","sticky":false,"template":"","format":"standard","meta":{"footnotes":""},"categories":[10],"tags":[27,28,152,15,16,14,300,25,26,21,22,12,13,19,20,3918,32,23,24,33,58,17,18,29,30,31],"class_list":{"0":"post-140210","1":"post","2":"type-post","3":"status-publish","4":"format-standard","5":"has-post-thumbnail","7":"category-portugal","8":"tag-breaking-news","9":"tag-breakingnews","10":"tag-drogas","11":"tag-featured-news","12":"tag-featurednews","13":"tag-headlines","14":"tag-justiu00e7a","15":"tag-latest-news","16":"tag-latestnews","17":"tag-main-news","18":"tag-mainnews","19":"tag-news","20":"tag-noticias","21":"tag-noticias-principais","22":"tag-noticiasprincipais","23":"tag-polu00edcia-judiciu00e1ria","24":"tag-portugal","25":"tag-principais-noticias","26":"tag-principaisnoticias","27":"tag-pt","28":"tag-sociedade","29":"tag-top-stories","30":"tag-topstories","31":"tag-ultimas","32":"tag-ultimas-noticias","33":"tag-ultimasnoticias"},"share_on_mastodon":{"url":"https:\/\/pubeurope.com\/@pt\/115496080324055569","error":""},"_links":{"self":[{"href":"https:\/\/www.europesays.com\/pt\/wp-json\/wp\/v2\/posts\/140210","targetHints":{"allow":["GET"]}}],"collection":[{"href":"https:\/\/www.europesays.com\/pt\/wp-json\/wp\/v2\/posts"}],"about":[{"href":"https:\/\/www.europesays.com\/pt\/wp-json\/wp\/v2\/types\/post"}],"author":[{"embeddable":true,"href":"https:\/\/www.europesays.com\/pt\/wp-json\/wp\/v2\/users\/2"}],"replies":[{"embeddable":true,"href":"https:\/\/www.europesays.com\/pt\/wp-json\/wp\/v2\/comments?post=140210"}],"version-history":[{"count":0,"href":"https:\/\/www.europesays.com\/pt\/wp-json\/wp\/v2\/posts\/140210\/revisions"}],"wp:featuredmedia":[{"embeddable":true,"href":"https:\/\/www.europesays.com\/pt\/wp-json\/wp\/v2\/media\/140211"}],"wp:attachment":[{"href":"https:\/\/www.europesays.com\/pt\/wp-json\/wp\/v2\/media?parent=140210"}],"wp:term":[{"taxonomy":"category","embeddable":true,"href":"https:\/\/www.europesays.com\/pt\/wp-json\/wp\/v2\/categories?post=140210"},{"taxonomy":"post_tag","embeddable":true,"href":"https:\/\/www.europesays.com\/pt\/wp-json\/wp\/v2\/tags?post=140210"}],"curies":[{"name":"wp","href":"https:\/\/api.w.org\/{rel}","templated":true}]}}