{"id":140212,"date":"2025-11-05T08:11:32","date_gmt":"2025-11-05T08:11:32","guid":{"rendered":"https:\/\/www.europesays.com\/pt\/140212\/"},"modified":"2025-11-05T08:11:32","modified_gmt":"2025-11-05T08:11:32","slug":"mamdani-eleito-presidente-da-camara-de-nova-iorque-observador","status":"publish","type":"post","link":"https:\/\/www.europesays.com\/pt\/140212\/","title":{"rendered":"Mamdani eleito presidente da C\u00e2mara de Nova Iorque \u2013 Observador"},"content":{"rendered":"<p><strong>Zohran Mamdani<\/strong> foi eleito presidente da C\u00e2mara Municipal de Nova Iorque, batendo o independente e antigo governador <strong>Andrew Cuomo<\/strong> e o candidato republicano <strong>Curtis Sliwa<\/strong>. O candidato democrata reuniu mais de um milh\u00e3o de votos, o que representa 50,4% do universo de pessoas que votaram. Com mais de dois milh\u00f5es de eleitores a deslocarem-se \u00e0s urnas, as elei\u00e7\u00f5es desta ter\u00e7a-feira foram as elei\u00e7\u00f5es para a C\u00e2mara Municipal mais concorridas da cidade desde 1969.<\/p>\n<p>Andrew Cuomo ocupou o segundo lugar, com 41,6% dos votos e Curtis Sliwa o terceiro, com 7,1% dos votos. Sliwa esteve debaixo de fogo na reta final da campanha para desistir a favor de Cuomo, mas os resultados revelam que mesmo que houvesse uma transfer\u00eancia direta de todos os votos do republicano para o independente n\u00e3o teria sido poss\u00edvel bater a maioria conquistada por Mamdani.<\/p>\n<p>No discurso de vit\u00f3ria, o agora presidente eleito celebrou \u201co derrube de uma dinastia pol\u00edtica\u201d. \u201cEsta noite, contra todas as expectativas agarramos [o poder]. O futuro est\u00e1 nas nossas m\u00e3os\u201d, declarou na sede da noite eleitoral, em Brooklyn. Ao lado dos pais e da mulher, o primeiro homem mu\u00e7ulmano e de origem indiana a ganhar a c\u00e2mara, prometeu honrar as suas promessas eleitorais de baixar o custo de vida \u2014 no \u00e2mbito das quais abordou as medidas que foram a votos na \u00e1rea da habita\u00e7\u00e3o e sobre as quais evitou pronunciar-se ao longo da campanha \u2014 e <strong>trazer \u201cesperan\u00e7a\u201d para a cidade<\/strong> \u2014 e para a pol\u00edtica nacional.<\/p>\n<p>Num entanto, n\u00e3o se coibiu de responder aos ataques que Cuomo e o <strong>Presidente Donald Trump<\/strong> foram deixando ao longo da campanha e que repetiram j\u00e1 durante a noite eleitoral. \u201cUm grande nova-iorquino disse uma vez que apesar de se fazer campanha em poema, governa-se em prosa. Se isso \u00e9 verdade, que a prosa que vamos escrever ainda rime e vamos construir uma cidade brilhante para todos\u201d, declarou. O \u201cgrande nova-iorquino\u201d citado por Mamdani \u00e9 Mario Cuomo, pai do candidato derrotado. A Trump relembrou que Nova Iorque constitu\u00edda por uma enorme comunidade imigrante \u2014 \u00e0 qual o novo presidente pertence.<\/p>\n<p>A Associated Press <strong>declarou a vit\u00f3ria de Mamdani apenas 35 minutos depois de as urnas terem fechado<\/strong> (por volta da 1h35 em Portugal Continental). \u00c0 medida que os votos foram contados, foi ficando claro que o socialista foi o candidato mais votado desde as elei\u00e7\u00f5es de 1969, numa altura em que o registo para votar era feito anualmente e n\u00e3o por vota\u00e7\u00e3o e por isso a aflu\u00eancia era mais alta. Os <a href=\"https:\/\/www.nytimes.com\/interactive\/2025\/11\/04\/us\/elections\/nyc-mayor-results-precinct-map.html\" rel=\"nofollow noopener\" target=\"_blank\">resultados mais detalhados<\/a> mostram que Mamdani beneficiou\u00a0da onda de novos eleitores, tendo conquistado a maior parte das sec\u00e7\u00f5es de voto em que pelo menos 10% dos eleitores se tinham registado para votar pela primeira vez.<\/p>\n<p>Em alguns bairros de Brooklyn, Queens e Manhattan, os n\u00edveis de aflu\u00eancia \u00e0s urnas aproximaram-se daquele que costumam ser registados em elei\u00e7\u00f5es presidenciais. Mamdani teve os seus melhores resultados nas sec\u00e7\u00f5es de voto de Brooklyn, onde chegou a conquistar 80% dos votos e ganhou tamb\u00e9m os bairros de Manhattan, Bronx e Queens. J\u00e1 <strong>Andrew Cuomo ganhou o bairro de Staten Island, um terreno tradicionalmente mais f\u00e9rtil para o Partido Republicano<\/strong>.<\/p>\n<p>Ali\u00e1s, a tend\u00eancia fez-se sentir por toda a cidade, com Cuomo a ganhar de forma expressiva as sec\u00e7\u00f5es de voto que nas elei\u00e7\u00f5es presidenciais de 2024 deram a vit\u00f3ria a Donald Trump e os bairros mais ricos da \u201cBig Apple\u201c, como o Upper East Side em Manhattan, enquanto Mamdani conseguiu os seus melhores resultados nas sec\u00e7\u00f5es com rendimentos m\u00e9dios mais baixos.<\/p>\n","protected":false},"excerpt":{"rendered":"Zohran Mamdani foi eleito presidente da C\u00e2mara Municipal de Nova Iorque, batendo o independente e antigo governador Andrew&hellip;\n","protected":false},"author":2,"featured_media":140213,"comment_status":"","ping_status":"","sticky":false,"template":"","format":"standard","meta":{"footnotes":""},"categories":[8],"tags":[624,27,28,623,15,16,14,25,26,21,22,62,12,13,19,20,1035,32,23,24,33,17,18,29,30,31],"class_list":{"0":"post-140212","1":"post","2":"type-post","3":"status-publish","4":"format-standard","5":"has-post-thumbnail","7":"category-principais-noticias","8":"tag-amu00e9rica","9":"tag-breaking-news","10":"tag-breakingnews","11":"tag-estados-unidos-da-amu00e9rica","12":"tag-featured-news","13":"tag-featurednews","14":"tag-headlines","15":"tag-latest-news","16":"tag-latestnews","17":"tag-main-news","18":"tag-mainnews","19":"tag-mundo","20":"tag-news","21":"tag-noticias","22":"tag-noticias-principais","23":"tag-noticiasprincipais","24":"tag-nova-iorque","25":"tag-portugal","26":"tag-principais-noticias","27":"tag-principaisnoticias","28":"tag-pt","29":"tag-top-stories","30":"tag-topstories","31":"tag-ultimas","32":"tag-ultimas-noticias","33":"tag-ultimasnoticias"},"share_on_mastodon":{"url":"https:\/\/pubeurope.com\/@pt\/115496084003415367","error":""},"_links":{"self":[{"href":"https:\/\/www.europesays.com\/pt\/wp-json\/wp\/v2\/posts\/140212","targetHints":{"allow":["GET"]}}],"collection":[{"href":"https:\/\/www.europesays.com\/pt\/wp-json\/wp\/v2\/posts"}],"about":[{"href":"https:\/\/www.europesays.com\/pt\/wp-json\/wp\/v2\/types\/post"}],"author":[{"embeddable":true,"href":"https:\/\/www.europesays.com\/pt\/wp-json\/wp\/v2\/users\/2"}],"replies":[{"embeddable":true,"href":"https:\/\/www.europesays.com\/pt\/wp-json\/wp\/v2\/comments?post=140212"}],"version-history":[{"count":0,"href":"https:\/\/www.europesays.com\/pt\/wp-json\/wp\/v2\/posts\/140212\/revisions"}],"wp:featuredmedia":[{"embeddable":true,"href":"https:\/\/www.europesays.com\/pt\/wp-json\/wp\/v2\/media\/140213"}],"wp:attachment":[{"href":"https:\/\/www.europesays.com\/pt\/wp-json\/wp\/v2\/media?parent=140212"}],"wp:term":[{"taxonomy":"category","embeddable":true,"href":"https:\/\/www.europesays.com\/pt\/wp-json\/wp\/v2\/categories?post=140212"},{"taxonomy":"post_tag","embeddable":true,"href":"https:\/\/www.europesays.com\/pt\/wp-json\/wp\/v2\/tags?post=140212"}],"curies":[{"name":"wp","href":"https:\/\/api.w.org\/{rel}","templated":true}]}}