{"id":140220,"date":"2025-11-05T08:24:13","date_gmt":"2025-11-05T08:24:13","guid":{"rendered":"https:\/\/www.europesays.com\/pt\/140220\/"},"modified":"2025-11-05T08:24:13","modified_gmt":"2025-11-05T08:24:13","slug":"menezes-promete-teleferico-em-gaia-entre-canidelo-e-as-devesas","status":"publish","type":"post","link":"https:\/\/www.europesays.com\/pt\/140220\/","title":{"rendered":"Menezes promete telef\u00e9rico em Gaia entre Canidelo e as Devesas"},"content":{"rendered":"<p data-remotead-prev-elm=\"true\" data-remotead-elm-id=\"inread\">A tomada de posse foi muito concorrida e esgotou a lota\u00e7\u00e3o do Audit\u00f3rio Municipal, ao ponto de ter sido o pr\u00f3prio autarca a ter que abrir a porta a toda a gente, e n\u00e3o apenas aos convidados, pois ningu\u00e9m queria ficar de fora. Nesse per\u00edodo, houve gritos e insultos.<\/p>\n<blockquote data-type=\"articles\" data-id=\"related-article-18016154\"><p>\n              <strong>Leia tamb\u00e9m <\/strong><br \/>\n              <a href=\"https:\/\/www.jn.pt\/pais\/artigo\/acabou-a-ditadura-gritos-e-contestacao-na-tomada-de-posse-de-luis-filipe-menezes\/18016154\" rel=\"nofollow noopener\" target=\"_blank\">&#8220;Acabou a ditadura&#8221;: gritos e contesta\u00e7\u00e3o na tomada de posse de Lu\u00eds Filipe Menezes<\/a>\n            <\/p><\/blockquote>\n<p>O discurso estendeu-se ao longo de hora e meia e metade do tempo foi destinado a criticar a gest\u00e3o socialista dos \u00faltimos tr\u00eas mandatos, com a promessa reiterada, por parte de Menezes, de que as contas da Autarquia, bem como das empresas municipais \u00c1guas de Gaia, Gaiurb e Inovagaia, ser\u00e3o alvo de<strong> auditorias externas <\/strong>e que os resultados ser\u00e3o tornados p\u00fablicos.<\/p>\n<p data-remotead-prev-elm=\"true\" data-remotead-elm-id=\"centro1\">Para a primeira reuni\u00e3o de C\u00e2mara, o autarca prometeu criar um &#8220;grupo de trabalho&#8221;, a juntar respons\u00e1veis do Munic\u00edpio, representantes do cons\u00f3rcio, a par de moradores e empres\u00e1rios afetados pelo tra\u00e7ado do TGV, no intuito procurar &#8220;solu\u00e7\u00f5es sensatas&#8221; para a linha de alta velocidade no concelho.<\/p>\n<blockquote data-type=\"articles\" data-id=\"related-article-18016106\"><p>\n              <strong>Leia tamb\u00e9m <\/strong><br \/>\n              <a href=\"https:\/\/www.jn.pt\/jn-direto\/artigo\/luis-filipe-menezes-sexta-e-sabado-ja-estarao-dezenas-de-policias-no-jardim-do-morro\/18016106\" rel=\"nofollow noopener\" target=\"_blank\">Lu\u00eds Filipe Menezes: &#8220;Sexta e s\u00e1bado j\u00e1 estar\u00e3o dezenas de pol\u00edcias no Jardim do Morro&#8221;<\/a>\n            <\/p><\/blockquote>\n<p>Em rela\u00e7\u00e3o \u00e0 Unir, a inten\u00e7\u00e3o \u00e9 &#8220;negociar&#8221; com a empresa de Transportes Metropolitanos do Porto. O objetivo \u00e9 melhorar a mobilidade &#8220;dentro das freguesias e nos transportes escolares&#8221;, por um lado, e a &#8220;liga\u00e7\u00e3o \u00e0s esta\u00e7\u00f5es de metro&#8221;, por outro. Quanto \u00e0 Metro, Menezes vai pedir \u00e0 sua Administra\u00e7\u00e3o uma &#8220;justa compensa\u00e7\u00e3o pelos desvios de tr\u00e2nsito&#8221; causados pelas obras da Linha Rubi.<\/p>\n<p>25km de ciclovias<\/p>\n<p data-remotead-prev-elm=\"true\" data-remotead-elm-id=\"centro2\"><img decoding=\"async\" class=\"ngx-body\" guid=\"4badf209-d6a3-4812-83e2-8d96de0a61b4\" src=\"https:\/\/www.europesays.com\/pt\/wp-content\/uploads\/2025\/11\/1762331051_833_image.jpg\" width=\"100%\"\/><br \/>Foto: Pedro Granadeiro<\/p>\n<p>O telef\u00e9rico anunciado iniciar\u00e1 o trajeto no &#8220;Canidelo, com passagens depois pela Seca do Bacalhau, Afurada e Jardins da Arr\u00e1bida&#8221;. Passar\u00e1 &#8220;por cima da autoestrada e ir\u00e1 at\u00e9 pr\u00f3ximo da Esta\u00e7\u00e3o das Devesas&#8221;. Ser\u00e1 lan\u00e7ado um concurso para o efeito. Quanto ao festival mundial a evocar Fern\u00e3o de Magalh\u00e1es, ser\u00e1 para efetivar em 2027.<\/p>\n<p>Outras novidades passam pela cria\u00e7\u00e3o da figura do Provedor do Mun\u00edcipe e do estatuto do Jovem Bombeiro, para atrair operacionais. As assembleias municipais ter\u00e3o transmiss\u00e3o direta, por via digital, e uma das metas do novo presidente \u00e9 passar a &#8220;ter todo o concelho servido por fibra \u00f3tica e 5G&#8221;.<\/p>\n<p data-remotead-prev-elm=\"true\" data-remotead-elm-id=\"centro3\">A cria\u00e7\u00e3o de &#8220;25km de ciclovias&#8221;, a atribui\u00e7\u00e3o de &#8220;600 bolsas de estudo&#8221; a alunos com dificuldades econ\u00f3micas e a abertura de tr\u00eas novos museus &#8211; pontes, lutas liberais e invas\u00f5es napole\u00f3nicas &#8211; foram outras das medidas elencadas. &#8220;Refor\u00e7ar a seguran\u00e7a&#8221;, com a\u00e7\u00f5es j\u00e1 este fim de semana no Jardim do Morro e no Centro Hist\u00f3rico, resolver a quest\u00e3o do concurso para os res\u00edduos s\u00f3lidos urbanos e apostar no &#8220;apoio domicili\u00e1rio&#8221;, em rela\u00e7\u00e3o aos seniores, tamb\u00e9m fazem parte da lista. O mesmo se passa com a mudan\u00e7a da localiza\u00e7\u00e3o do festival de m\u00fasica &#8220;Mar\u00e9s Vivas&#8221;, da Madalena, onde tem sido realizado, para &#8220;nascente&#8221; do concelho.<\/p>\n<p>&#8220;Culpa n\u00e3o morrer\u00e1 solteira&#8221;<\/p>\n<p><img decoding=\"async\" class=\"ngx-body\" guid=\"f4f59221-fe49-4748-835e-8b1fd6ed0405\" src=\"https:\/\/www.europesays.com\/pt\/wp-content\/uploads\/2025\/11\/1762331052_27_image.jpg\" width=\"100%\"\/><br \/>Foto: Pedro Granadeiro<\/p>\n<p>Antes do an\u00fancio destas medidas, Menezes falou do passado e da &#8220;narrativa ficcionada e do caminho pat\u00e9tico&#8221;, que, no seu entendimento, foi criado contra si, pela gest\u00e3o socialista que governou o munic\u00edpio nos \u00faltimos 12 anos.<\/p>\n<p data-remotead-prev-elm=\"true\" data-remotead-elm-id=\"centro4\">Assinalou que as acusa\u00e7\u00f5es que lhe foram feitas &#8220;resultaram em arquivamento&#8221; e que, &#8220;ap\u00f3s anos de insultos, tem a ficha limpa&#8221;. Afirmou ainda que em rela\u00e7\u00e3o \u00e0 d\u00edvida de milh\u00f5es de euros que dizem ter deixado na C\u00e2mara, &#8220;como m\u00e9dico s\u00f3 Freud poderia explicar essa persegui\u00e7\u00e3o&#8221;.<\/p>\n<p>&#8220;Todas as minhas contas de ger\u00eancia foram aprovadas durante 16 anos&#8221;, completou acerca da sua presid\u00eancia camar\u00e1ria em Gaia. Registou, a prop\u00f3sito, que Eduardo V\u00edtor Rodrigues at\u00e9 condecorou o seu vice, respons\u00e1vel pelas finan\u00e7as na altura, e comentou que esse vice &#8220;deve ter deitado fora aquela latita (condecora\u00e7\u00e3o)&#8221;.<\/p>\n<p>Criticou a \u00c1guas de Gaia, por impor &#8220;tarifas alt\u00edssimas aos mun\u00edcipes&#8221;. Tamb\u00e9m comentou que esta empresa municipal tem um &#8220;n\u00famero elevado de chefias&#8221; e mostrou-se contra a &#8220;adjudica\u00e7\u00e3o, h\u00e1 semanas, da constru\u00e7\u00e3o de uma nova sede&#8221;, quando, nas suas palavras, est\u00e1 &#8220;num quadro de pr\u00e9-fal\u00eancia&#8221;.<\/p>\n<p data-remotead-prev-elm=\"true\" data-remotead-elm-id=\"centro5\">Criticou, igualmente, as &#8220;adjudica\u00e7\u00f5es de festejos de Natal no in\u00edcio da primavera&#8221;, e falou de &#8220;ajustes diretos e contratos duvidosos, tudo em per\u00edodo pr\u00e9-eleitoral&#8221;, deixando a garantia que &#8220;tudo ser\u00e1 avaliado com rigor e com consequ\u00eancias implac\u00e1veis&#8221;.<\/p>\n<p>&#8220;Vamos investigar o Silicon Valley (anunciado investimento de milh\u00f5es, que caiu por terra, onde hoje \u00e9 o parque da Madalena) e o suicida concurso de res\u00edduos urbanos. Pugnaremos pela verdade e imputando responsabilidades. A culpa n\u00e3o morrer\u00e1 solteira&#8221;, prometeu. &#8220;Vou precisar de temas para escrever quando acabar o terceiro mandato&#8221;, ironizou.<\/p>\n<p><img decoding=\"async\" class=\"ngx-body\" guid=\"3d97b4f9-345b-45c9-bdfc-8321d1d19617\" src=\"https:\/\/www.europesays.com\/pt\/wp-content\/uploads\/2025\/11\/1762331053_487_image.jpg\" width=\"100%\"\/><br \/>Foto: Pedro Granadeiro<\/p>\n<p data-remotead-prev-elm=\"true\" data-remotead-elm-id=\"centro6\">&#8220;O novo ciclo ter\u00e1 que ser o da reconquista. Vamos recriar com for\u00e7a a marca Gaia, para que daqui a quatro anos se fale de Gaia e da cidade do Porto, como de Barcelona e Val\u00eancia&#8221;, destacou. &#8220;Gaia e Sintra (Marco Almeida, presidente da C\u00e2mara Municipal, esteve na cerim\u00f3nia) representam o segundo e o terceiro munic\u00edpios em termos de demografia, n\u00e3o podemos e devemos ser tratados com discrimina\u00e7\u00e3o negativa&#8221;, referiu ainda.<\/p>\n<p>O Bispo do Porto, D. Manuel Linda, e o novo presidente da C\u00e2mara do Porto, Pedro Duarte, que \u00e9 empossado esta quarta-feira, foram alguns dos presentes, entre outros.<\/p>\n","protected":false},"excerpt":{"rendered":"A tomada de posse foi muito concorrida e esgotou a lota\u00e7\u00e3o do Audit\u00f3rio Municipal, ao ponto de ter&hellip;\n","protected":false},"author":2,"featured_media":140221,"comment_status":"","ping_status":"","sticky":false,"template":"","format":"standard","meta":{"footnotes":""},"categories":[10],"tags":[27,28,30752,19635,15,16,14,25,26,18857,21,22,12,13,19,20,32,23,24,33,17,18,29,30,31],"class_list":{"0":"post-140220","1":"post","2":"type-post","3":"status-publish","4":"format-standard","5":"has-post-thumbnail","7":"category-portugal","8":"tag-breaking-news","9":"tag-breakingnews","10":"tag-camara-de-gaia","11":"tag-concelho-vila-nova-de-gaia","12":"tag-featured-news","13":"tag-featurednews","14":"tag-headlines","15":"tag-latest-news","16":"tag-latestnews","17":"tag-luis-filipe-menezes","18":"tag-main-news","19":"tag-mainnews","20":"tag-news","21":"tag-noticias","22":"tag-noticias-principais","23":"tag-noticiasprincipais","24":"tag-portugal","25":"tag-principais-noticias","26":"tag-principaisnoticias","27":"tag-pt","28":"tag-top-stories","29":"tag-topstories","30":"tag-ultimas","31":"tag-ultimas-noticias","32":"tag-ultimasnoticias"},"share_on_mastodon":{"url":"https:\/\/pubeurope.com\/@pt\/115496135300270675","error":""},"_links":{"self":[{"href":"https:\/\/www.europesays.com\/pt\/wp-json\/wp\/v2\/posts\/140220","targetHints":{"allow":["GET"]}}],"collection":[{"href":"https:\/\/www.europesays.com\/pt\/wp-json\/wp\/v2\/posts"}],"about":[{"href":"https:\/\/www.europesays.com\/pt\/wp-json\/wp\/v2\/types\/post"}],"author":[{"embeddable":true,"href":"https:\/\/www.europesays.com\/pt\/wp-json\/wp\/v2\/users\/2"}],"replies":[{"embeddable":true,"href":"https:\/\/www.europesays.com\/pt\/wp-json\/wp\/v2\/comments?post=140220"}],"version-history":[{"count":0,"href":"https:\/\/www.europesays.com\/pt\/wp-json\/wp\/v2\/posts\/140220\/revisions"}],"wp:featuredmedia":[{"embeddable":true,"href":"https:\/\/www.europesays.com\/pt\/wp-json\/wp\/v2\/media\/140221"}],"wp:attachment":[{"href":"https:\/\/www.europesays.com\/pt\/wp-json\/wp\/v2\/media?parent=140220"}],"wp:term":[{"taxonomy":"category","embeddable":true,"href":"https:\/\/www.europesays.com\/pt\/wp-json\/wp\/v2\/categories?post=140220"},{"taxonomy":"post_tag","embeddable":true,"href":"https:\/\/www.europesays.com\/pt\/wp-json\/wp\/v2\/tags?post=140220"}],"curies":[{"name":"wp","href":"https:\/\/api.w.org\/{rel}","templated":true}]}}