{"id":140224,"date":"2025-11-05T08:32:10","date_gmt":"2025-11-05T08:32:10","guid":{"rendered":"https:\/\/www.europesays.com\/pt\/140224\/"},"modified":"2025-11-05T08:32:10","modified_gmt":"2025-11-05T08:32:10","slug":"fpf-lanca-equipamento-que-homenageia-eusebio-observador","status":"publish","type":"post","link":"https:\/\/www.europesays.com\/pt\/140224\/","title":{"rendered":"FPF lan\u00e7a equipamento que homenageia Eus\u00e9bio \u2013 Observador"},"content":{"rendered":"<p>Foi h\u00e1 60 anos que Eus\u00e9bio da Silva Ferreira conquistou a Bola de Ouro, tornando-se o primeiro jogador portugu\u00eas a ser coroado como melhor da Europa. Para assinalar a efem\u00e9ride, a Federa\u00e7\u00e3o Portuguesa de Futebol (FPF) lan\u00e7ou um equipamento que homenageia o m\u00edtico \u201cPantera Negra\u201d, para muitos o melhor jogador portugu\u00eas de todos os tempos, s\u00f3 rivalizado com a concorr\u00eancia recente de Cristiano Ronaldo.<\/p>\n<p>A edi\u00e7\u00e3o especial do equipamento da Puma, a marca que veste as sele\u00e7\u00f5es nacionais, chegou \u00e0s lojas esta ter\u00e7a-feira. A cole\u00e7\u00e3o Edi\u00e7\u00e3o Especial Pantera Negra inclui tr\u00eas produtos: uma camisola (100\u20ac), um casaco (90\u20ac) e uma camisola de edi\u00e7\u00e3o limitada (250\u20ac) a 1965 unidades, o ano da conquista da Bola de Ouro. Essa vers\u00e3o Authentic \u00e9 personalizada com o n\u00famero 13 na frente e nas costas \u2014 uma homenagem ao n\u00famero ic\u00f3nico de Eus\u00e9bio.<\/p>\n<p>        <img src=\"https:\/\/www.europesays.com\/pt\/wp-content\/uploads\/2025\/11\/camisa-pantera-negra-de-portugal-2025-puma-4.jpg\" alt=\"\" loading=\"lazy\" decoding=\"async\" class=\"alignnone\" onload=\"this.parentElement.classList.remove('spinner')\" onerror=\"this.parentElement.classList.remove('spinner')\" width=\"611\" height=\"764\"\/>    <\/p>\n<p>A Sele\u00e7\u00e3o Nacional A masculina de Portugal vai ainda estrear e utilizar o equipamento num \u00fanico jogo, a 16 de novembro, no Est\u00e1dio do Drag\u00e3o, no Porto, frente \u00e0 Arm\u00e9nia.<\/p>\n","protected":false},"excerpt":{"rendered":"Foi h\u00e1 60 anos que Eus\u00e9bio da Silva Ferreira conquistou a Bola de Ouro, tornando-se o primeiro jogador&hellip;\n","protected":false},"author":2,"featured_media":140225,"comment_status":"","ping_status":"","sticky":false,"template":"","format":"standard","meta":{"footnotes":""},"categories":[87],"tags":[135,524,32,33,17059,134],"class_list":{"0":"post-140224","1":"post","2":"type-post","3":"status-publish","4":"format-standard","5":"has-post-thumbnail","7":"category-desporto","8":"tag-desporto","9":"tag-futebol","10":"tag-portugal","11":"tag-pt","12":"tag-seleu00e7u00e3o-nacional","13":"tag-sports"},"share_on_mastodon":{"url":"https:\/\/pubeurope.com\/@pt\/115496166819047298","error":""},"_links":{"self":[{"href":"https:\/\/www.europesays.com\/pt\/wp-json\/wp\/v2\/posts\/140224","targetHints":{"allow":["GET"]}}],"collection":[{"href":"https:\/\/www.europesays.com\/pt\/wp-json\/wp\/v2\/posts"}],"about":[{"href":"https:\/\/www.europesays.com\/pt\/wp-json\/wp\/v2\/types\/post"}],"author":[{"embeddable":true,"href":"https:\/\/www.europesays.com\/pt\/wp-json\/wp\/v2\/users\/2"}],"replies":[{"embeddable":true,"href":"https:\/\/www.europesays.com\/pt\/wp-json\/wp\/v2\/comments?post=140224"}],"version-history":[{"count":0,"href":"https:\/\/www.europesays.com\/pt\/wp-json\/wp\/v2\/posts\/140224\/revisions"}],"wp:featuredmedia":[{"embeddable":true,"href":"https:\/\/www.europesays.com\/pt\/wp-json\/wp\/v2\/media\/140225"}],"wp:attachment":[{"href":"https:\/\/www.europesays.com\/pt\/wp-json\/wp\/v2\/media?parent=140224"}],"wp:term":[{"taxonomy":"category","embeddable":true,"href":"https:\/\/www.europesays.com\/pt\/wp-json\/wp\/v2\/categories?post=140224"},{"taxonomy":"post_tag","embeddable":true,"href":"https:\/\/www.europesays.com\/pt\/wp-json\/wp\/v2\/tags?post=140224"}],"curies":[{"name":"wp","href":"https:\/\/api.w.org\/{rel}","templated":true}]}}