{"id":140234,"date":"2025-11-05T08:40:18","date_gmt":"2025-11-05T08:40:18","guid":{"rendered":"https:\/\/www.europesays.com\/pt\/140234\/"},"modified":"2025-11-05T08:40:18","modified_gmt":"2025-11-05T08:40:18","slug":"isa-scherer-rebate-criticas-sobre-vaga-de-emprego-absurda","status":"publish","type":"post","link":"https:\/\/www.europesays.com\/pt\/140234\/","title":{"rendered":"Isa Scherer rebate cr\u00edticas sobre vaga de emprego &#8216;absurda&#8217;"},"content":{"rendered":"<p>  <img class=\"content-first-image size-full wp-image-2706026\" loading=\"eager\" decoding=\"sync\" fetchpriority=\"high\" src=\"https:\/\/www.europesays.com\/pt\/wp-content\/uploads\/2025\/11\/isa-scherer.jpg\" alt=\"Influenciadora catarinense, Isa Scherer foi criticada por vaga de emprego com sal\u00e1rio \u201cabsurdo\u201d em sua doceria em SPFoto: Divulga\u00e7\u00e3o\/Isabella Scherer\/@isasscherer\/Instagram\/ND Mais\" width=\"1200\" height=\"700\"  \/>Influenciadora catarinense, Isa Scherer foi criticada por vaga de emprego com sal\u00e1rio \u201cabsurdo\u201d em sua doceria em SPFoto: Divulga\u00e7\u00e3o\/Isabella Scherer\/@isasscherer\/Instagram\/ND Mais<\/p>\n<p><a href=\"https:\/\/ndmais.com.br\/internet\/fotos-influenciadora-catarinense-da-a-luz-gemeos-e-posta-as-primeiras-imagens-em-rede-social\/\" rel=\"nofollow noopener\" target=\"_blank\">Isa Scherer<\/a>, chef de cozinha e influenciadora catarinense, foi alvo de cr\u00edticas nas redes sociais ap\u00f3s anunciar uma vaga de auxiliar de cozinha em sua doceria em S\u00e3o Paulo. O sal\u00e1rio oferecido foi considerado baixo para as responsabilidades do cargo.<\/p>\n<p>Conforme a descri\u00e7\u00e3o da vaga, o pagamento seria de R$ 1.800 para uma jornada das 14h \u00e0s 22h, al\u00e9m de exigir disponibilidade para hor\u00e1rios flex\u00edveis, incluindo finais de semana e feriados.<\/p>\n<p>Entre as atividades da vaga, o auxiliar de cozinha deveria assumir o preparo de receitas, limpeza do ambiente, controle de estoque, organiza\u00e7\u00e3o e lavagem de utens\u00edlios, al\u00e9m de \u201coutras tarefas relacionadas \u00e0 cozinha\u201d.<\/p>\n<p><a class=\"cta-discover d-flex justify-content-between align-items-center w-100\" target=\"_blank\" rel=\"nofollow noopner noopener\" href=\"https:\/\/profile.google.com\/cp\/Cg0vZy8xMXZ5cjY4NHho\">   Fa\u00e7a como milh\u00f5es de leitores informados: siga o ND Mais no Google.  Seguir<\/a> <\/p>\n<p>Nas redes sociais, o an\u00fancio da vaga foi criticado e visto como \u201cabsurdo\u201d. \u201cA\u00ed voc\u00ea v\u00ea a pessoa [Isa Scherer] usando uma bolsinha de R$ 40.000,00 da Louis Vuitton\u201d, exclamou uma usu\u00e1ria do X.<\/p>\n<p><img class=\"wp-image-2706017 size-full\" loading=\"lazy\" decoding=\"async\" src=\"https:\/\/www.europesays.com\/pt\/wp-content\/uploads\/2025\/11\/vaga-de-emprego-isa-scherer.jpg\" alt=\"Vaga de emprego para auxiliar de cozinha na doceria de Isa Scherer\" width=\"1200\" height=\"700\"  \/>Vaga de emprego para auxiliar de cozinha na doceria de Isabella SchererFoto: Divulga\u00e7\u00e3o\/X<\/p>\n<p>\u201cA Isa venceu o Masterchef, entrou na lista da\u00a0Forbes, a casa dela apareceu na Casa Vogue, e ela paga essa mixaria? O neg\u00f3cio dela n\u00e3o \u00e9 um quiosque do interior. \u00c9 falta de car\u00e1ter\u201d, declarou um internauta.<\/p>\n<p>\u201cT\u00e3o ruim quando cancelam quem a gente gosta, mas nesse caso terei sim que soltar as m\u00e3os de Isa Scherer, porque esse sal\u00e1rio de mis\u00e9ria pro tanto de atribui\u00e7\u00e3o e carga hor\u00e1ria exigida foi f*\u201d, afirmou um f\u00e3 da influenciadora.<\/p>\n<p>\u201cEssa faixa salarial \u00e9 o m\u00ednimo recomendado pela categoria. Ela achar que o funcion\u00e1rio dela merece o m\u00ednimo, diz bastante sobre ela sim\u201d, afirmou outra usu\u00e1ria.<\/p>\n<p>Conforme conven\u00e7\u00e3o coletiva de trabalho do Sindicato dos Trabalhadores em Hot\u00e9is, Bares, Restaurantes e Similares de S\u00e3o Paulo e Regi\u00e3o, os pagamentos para funcion\u00e1rios do setor devem ser, no m\u00ednimo, equivalentes ao <a href=\"https:\/\/ndmais.com.br\/economia\/aumento-do-salario-minimo-para-1804\/\" rel=\"nofollow noopener\" target=\"_blank\">sal\u00e1rio m\u00ednimo estadual de SP, que \u00e9 de R$ 1.804.<\/a><\/p>\n<p>Isa Scherer rebate cr\u00edticas sobre vaga de emprego em doceria de SP<\/p>\n<p>A empres\u00e1ria se manifestou sobre o caso, na tarde desta ter\u00e7a-feira (4), atrav\u00e9s de publica\u00e7\u00e3o no Instagram. Em texto, ela destaca que a vaga alvo de pol\u00eamica foi divulgada em maio deste ano, no in\u00edcio da empresa, e o print que viralizou \u201cn\u00e3o mostrava a parte onde falavam dos benef\u00edcios, mas eles sempre existiram\u201d.<\/p>\n<ul class=\"slider-galeria-de-foto-wrapper glide__slides\">\n<li id=\"galeria-slide-1\" class=\"slider-galeria-de-foto-slide glide__slide\"> <a href=\"https:\/\/www.europesays.com\/pt\/wp-content\/uploads\/2025\/11\/fernando-scherer-xuxa-casamento-dianeli-geller-3.jpeg\" title=\"Influenciadora \u00e9 filha do ex-nadador Fernando Scherer, o Xuxa - @isascherer\/ Reprodu\u00e7\u00e3o\/ ND\" data-caption=\"Influenciadora \u00e9 filha do ex-nadador Fernando Scherer, o Xuxa - @isascherer\/ Reprodu\u00e7\u00e3o\/ ND\" id=\"zoom-gallery-2011939\" class=\"imagem-galeria\" data-fancybox=\"\"> <img decoding=\"async\" width=\"474\" height=\"717\" src=\"https:\/\/www.europesays.com\/pt\/wp-content\/uploads\/2025\/11\/fernando-scherer-xuxa-casamento-dianeli-geller-3.jpeg\" class=\"\" alt=\"Influenciadora \u00e9 filha do ex-nadador Fernando Scherer, o Xuxa - @isascherer\/ Reprodu\u00e7\u00e3o\/ ND\" loading=\"lazy\"  \/> <\/a>  Influenciadora \u00e9 filha do ex-nadador Fernando Scherer, o Xuxa &#8211; @isascherer\/ Reprodu\u00e7\u00e3o\/ ND\n<p> Foto 1 de 5 <\/p>\n<\/li>\n<li id=\"galeria-slide-2\" class=\"slider-galeria-de-foto-slide glide__slide\"> <a href=\"https:\/\/static.ndmais.com.br\/2023\/01\/Design-sem-nome-2023-01-15T144735.134.jpg\" title=\"Isabella Scherer tem mais de 2 milh\u00f5es de seguidores nas redes sociais - Divulgac\u00e3o\/Observat\u00f3rio dos Famosos\/ND\" data-caption=\"Isabella Scherer tem mais de 2 milh\u00f5es de seguidores nas redes sociais - Divulgac\u00e3o\/Observat\u00f3rio dos Famosos\/ND\" id=\"zoom-gallery-1916822\" class=\"imagem-galeria\" data-fancybox=\"\" rel=\"nofollow noopener\" target=\"_blank\"> <img decoding=\"async\" width=\"800\" height=\"600\" src=\"https:\/\/www.europesays.com\/pt\/wp-content\/uploads\/2025\/11\/Design-sem-nome-2023-01-15T144735.134-800x600.jpg\" class=\"\" alt=\"Isabella Scherer tem mais de 2 milh\u00f5es de seguidores nas redes sociais - Divulgac\u00e3o\/Observat\u00f3rio dos Famosos\/ND\" loading=\"lazy\"  \/> <\/a>  Isabella Scherer tem mais de 2 milh\u00f5es de seguidores nas redes sociais &#8211; Divulgac\u00e3o\/Observat\u00f3rio dos Famosos\/ND\n<p> Foto 2 de 5 <\/p>\n<\/li>\n<li id=\"galeria-slide-3\" class=\"slider-galeria-de-foto-slide glide__slide\"> <a href=\"https:\/\/static.ndmais.com.br\/2022\/12\/Isabella-Scherer.jpg\" title=\"Influenciadora rebateu cr\u00edticas sobre vaga de emprego - Divulgac\u00e3o\/Observat\u00f3rio dos Famosos\/ND\" data-caption=\"Influenciadora rebateu cr\u00edticas sobre vaga de emprego - Divulgac\u00e3o\/Observat\u00f3rio dos Famosos\/ND\" id=\"zoom-gallery-1887465\" class=\"imagem-galeria\" data-fancybox=\"\" rel=\"nofollow noopener\" target=\"_blank\"> <img decoding=\"async\" width=\"800\" height=\"600\" src=\"https:\/\/www.europesays.com\/pt\/wp-content\/uploads\/2025\/11\/Isabella-Scherer-800x600.jpg\" class=\"\" alt=\"Influenciadora rebateu cr\u00edticas sobre vaga de emprego - Divulgac\u00e3o\/Observat\u00f3rio dos Famosos\/ND\" loading=\"lazy\"  \/> <\/a>  Influenciadora rebateu cr\u00edticas sobre vaga de emprego &#8211; Divulgac\u00e3o\/Observat\u00f3rio dos Famosos\/ND\n<p> Foto 3 de 5 <\/p>\n<\/li>\n<li id=\"galeria-slide-4\" class=\"slider-galeria-de-foto-slide glide__slide\"> <a href=\"https:\/\/static.ndmais.com.br\/2021\/05\/isabella-scherer.jpeg\" title=\"Empres\u00e1ria catarinense venceu o MasterChef em 2021 - Reprodu\u00e7\u00e3o\/Instagram\" data-caption=\"Empres\u00e1ria catarinense venceu o MasterChef em 2021 - Reprodu\u00e7\u00e3o\/Instagram\" id=\"zoom-gallery-1432458\" class=\"imagem-galeria\" data-fancybox=\"\" rel=\"nofollow noopener\" target=\"_blank\"> <img decoding=\"async\" width=\"800\" height=\"800\" src=\"https:\/\/www.europesays.com\/pt\/wp-content\/uploads\/2025\/11\/isabella-scherer-800x800.jpeg\" class=\"\" alt=\"Empres\u00e1ria catarinense venceu o MasterChef em 2021 - Reprodu\u00e7\u00e3o\/Instagram\" loading=\"lazy\"  \/> <\/a>  Empres\u00e1ria catarinense venceu o MasterChef em 2021 &#8211; Reprodu\u00e7\u00e3o\/Instagram\n<p> Foto 4 de 5 <\/p>\n<\/li>\n<li id=\"galeria-slide-5\" class=\"slider-galeria-de-foto-slide glide__slide\"> <a href=\"https:\/\/static.ndmais.com.br\/2021\/05\/isabella.jpeg\" title=\"Isabella Scherer, modelo, atriz e empres\u00e1ria de SC - Reprodu\u00e7\u00e3o\/Instagram\" data-caption=\"Isabella Scherer, modelo, atriz e empres\u00e1ria de SC - Reprodu\u00e7\u00e3o\/Instagram\" id=\"zoom-gallery-1432499\" class=\"imagem-galeria\" data-fancybox=\"\" rel=\"nofollow noopener\" target=\"_blank\"> <img decoding=\"async\" width=\"800\" height=\"789\" src=\"https:\/\/www.europesays.com\/pt\/wp-content\/uploads\/2025\/11\/isabella-800x789.jpeg\" class=\"\" alt=\"Isabella Scherer, modelo, atriz e empres\u00e1ria de SC - Reprodu\u00e7\u00e3o\/Instagram\" loading=\"lazy\"  \/> <\/a>  Isabella Scherer, modelo, atriz e empres\u00e1ria de SC &#8211; Reprodu\u00e7\u00e3o\/Instagram\n<p> Foto 5 de 5 <\/p>\n<\/li>\n<\/ul>\n<p>\u201c\u00c9 importante refor\u00e7ar que a empresa segue a legisla\u00e7\u00e3o trabalhista e as normas coletivas de cada categoria. A vaga em quest\u00e3o tamb\u00e9m foi oferecida dentro dessas regras, com registro, benef\u00edcios e condi\u00e7\u00f5es previstas em lei\u201d, afirmou Isa.<\/p>\n<p>Isa Scherer tamb\u00e9m declarou que, ao abrir a empresa, contratou uma consultoria para indicar a remunera\u00e7\u00e3o para cada vaga conforme os valores j\u00e1 praticados no mercado de trabalho.<\/p>\n<p>\u201cComo empreendedora, estou comprometida em evoluir de forma respons\u00e1vel, valorizando cada pessoa que faz parte do meu time, e mantendo uma rela\u00e7\u00e3o justa e transparente\u201d, concluiu.<\/p>\n<p>Quem \u00e9 Isa Scherer?<\/p>\n<p>Isabella Scherer, de 29 anos, \u00e9 <a href=\"https:\/\/ndmais.com.br\/internet\/fotos-fernando-scherer-o-xuxa-se-casa-com-coach-de-meditacao-em-florianopolis\/\" rel=\"nofollow noopener\" target=\"_blank\">filha do ex-nadador Fernando Scherer, o Xuxa<\/a>, e da empres\u00e1ria Vanessa Medeiros. A influenciadora \u00e9 natural de Florian\u00f3polis e j\u00e1 atuou como atriz e modelo, mas alcan\u00e7ou proje\u00e7\u00e3o nacional ao vencer o MasterChef Brasil 2021, reality show de cozinha.<\/p>\n<p>A empres\u00e1ria \u00e9 dona da Scherbi\u2019s, doceria localizada na Barra Funda, zona oeste da capital paulista. <a href=\"https:\/\/ndmais.com.br\/gastronomia\/quanto-custam-os-doces-de-isa-scherer-que-estao-bombando-no-ifood\/\" rel=\"nofollow noopener\" target=\"_blank\">O estabelecimento, mesmo com poucos meses de exist\u00eancia, bombou em n\u00famero de vendas em S\u00e3o Paulo<\/a>.<\/p>\n","protected":false},"excerpt":{"rendered":"Influenciadora catarinense, Isa Scherer foi criticada por vaga de emprego com sal\u00e1rio \u201cabsurdo\u201d em sua doceria em SPFoto:&hellip;\n","protected":false},"author":2,"featured_media":140235,"comment_status":"","ping_status":"","sticky":false,"template":"","format":"standard","meta":{"footnotes":""},"categories":[145],"tags":[211,210,114,115,980,10647,1968,2250,32,33,1741],"class_list":{"0":"post-140234","1":"post","2":"type-post","3":"status-publish","4":"format-standard","5":"has-post-thumbnail","7":"category-celebridades","8":"tag-celebridades","9":"tag-celebrities","10":"tag-entertainment","11":"tag-entretenimento","12":"tag-famosos","13":"tag-florianpolis","14":"tag-notcia","15":"tag-notcia-santa-catarina","16":"tag-portugal","17":"tag-pt","18":"tag-so-paulo"},"share_on_mastodon":{"url":"https:\/\/pubeurope.com\/@pt\/115496198249881828","error":""},"_links":{"self":[{"href":"https:\/\/www.europesays.com\/pt\/wp-json\/wp\/v2\/posts\/140234","targetHints":{"allow":["GET"]}}],"collection":[{"href":"https:\/\/www.europesays.com\/pt\/wp-json\/wp\/v2\/posts"}],"about":[{"href":"https:\/\/www.europesays.com\/pt\/wp-json\/wp\/v2\/types\/post"}],"author":[{"embeddable":true,"href":"https:\/\/www.europesays.com\/pt\/wp-json\/wp\/v2\/users\/2"}],"replies":[{"embeddable":true,"href":"https:\/\/www.europesays.com\/pt\/wp-json\/wp\/v2\/comments?post=140234"}],"version-history":[{"count":0,"href":"https:\/\/www.europesays.com\/pt\/wp-json\/wp\/v2\/posts\/140234\/revisions"}],"wp:featuredmedia":[{"embeddable":true,"href":"https:\/\/www.europesays.com\/pt\/wp-json\/wp\/v2\/media\/140235"}],"wp:attachment":[{"href":"https:\/\/www.europesays.com\/pt\/wp-json\/wp\/v2\/media?parent=140234"}],"wp:term":[{"taxonomy":"category","embeddable":true,"href":"https:\/\/www.europesays.com\/pt\/wp-json\/wp\/v2\/categories?post=140234"},{"taxonomy":"post_tag","embeddable":true,"href":"https:\/\/www.europesays.com\/pt\/wp-json\/wp\/v2\/tags?post=140234"}],"curies":[{"name":"wp","href":"https:\/\/api.w.org\/{rel}","templated":true}]}}