{"id":140240,"date":"2025-11-05T08:50:11","date_gmt":"2025-11-05T08:50:11","guid":{"rendered":"https:\/\/www.europesays.com\/pt\/140240\/"},"modified":"2025-11-05T08:50:11","modified_gmt":"2025-11-05T08:50:11","slug":"portugal-quer-europa-rearmada-e-investir-na-defesa-antiaerea-orcamento-do-estado-2026","status":"publish","type":"post","link":"https:\/\/www.europesays.com\/pt\/140240\/","title":{"rendered":"Portugal quer \u201cEuropa rearmada\u201d e investir na defesa antia\u00e9rea | Or\u00e7amento do Estado 2026"},"content":{"rendered":"<p>O or\u00e7amento da defesa tem &#8220;um crescimento or\u00e7amental robusto&#8221;, de mais 14,8% em rela\u00e7\u00e3o \u00e0 despesa consolidada em 2025, e essa \u00e9 uma forma de Portugal contribuir para um objectivo comum: &#8220;uma Europa rearmada&#8221;. \u00c9 assim que o Minist\u00e9rio da Defesa justifica o seu or\u00e7amento, na nota explicativa que mandou esta ter\u00e7a-feira aos deputados, v\u00e9spera de o ministro Nuno Melo comparecer na Assembleia da Rep\u00fablica para discutir as prioridades e linhas principais do or\u00e7amento para 2026.<\/p>\n<p>&#8220;No que respeita, em particular, ao dom\u00ednio da defesa, as condi\u00e7\u00f5es geopol\u00edticas actuais tornam incontorn\u00e1vel o refor\u00e7o do investimento no sector da defesa nacional, tendo como pressuposto o desafio conjunto para miss\u00f5es militares e de apoio \u00e0 popula\u00e7\u00e3o, dentro e fora do territ\u00f3rio nacional, lado a lado com os nossos aliados, robustecendo o objectivo de uma Europa rearmada. A crescente instabilidade internacional, a revaloriza\u00e7\u00e3o dos conceitos de dissuas\u00e3o e de soberania e a escalada de tens\u00f5es em diversas regi\u00f5es do mundo exigem uma resposta coordenada e robusta por parte dos Estados europeus&#8221;, l\u00ea-se na nota explicativa do Or\u00e7amento do Estado para a defesa.<\/p>\n<p>As For\u00e7as Armadas ter\u00e3o um <a href=\"https:\/\/www.publico.pt\/2025\/10\/09\/politica\/noticia\/orcamento-defesa-cresce-25-sao-772-milhoes-2150195\" rel=\"nofollow noopener\" target=\"_blank\">or\u00e7amento de 3771,9 milh\u00f5es de euros<\/a>, de modo a convergir para a meta de 2% do PIB em defesa at\u00e9 2029, sendo que existe uma rubrica destinada ao investimento de 983 milh\u00f5es de euros (26,1% da despesa total).<\/p>\n<p>\u201cA prioriza\u00e7\u00e3o de sectores tecnol\u00f3gicos emergentes (ciberdefesa, drones, intelig\u00eancia artificial, simula\u00e7\u00e3o, sensores, interoperabilidade, sistemas aut\u00f3nomos) permitir\u00e1 posicionar Portugal como actor relevante nas cadeias europeias de valor\u201d, prossegue o Minist\u00e9rio da Defesa, sublinhando ainda a prioridade dada \u00e0 defesa antia\u00e9rea, &#8220;no quadro da iniciativa europeia European Sky Shield&#8221;.<\/p>\n<p>\u201cAs For\u00e7as Nacionais Destacadas (FND) s\u00e3o exponencialmente capacitadas: o or\u00e7amento para FND ter\u00e1 um aumento recorde. A verba subiu de 93,5 milh\u00f5es de euros para 148 milh\u00f5es de euros\u201d, acrescenta ainda a nota explicativa, numa altura em que \u00e9 expect\u00e1vel que o Governo anuncie o envio de nova for\u00e7a de fuzileiros para a Litu\u00e2nia, flanco Leste da NATO, que dada a proximidade com a R\u00fassia, enfrenta novos desafios de seguran\u00e7a.<\/p>\n<p>Em termos de programas de reequipamento, destaca-se as aeronaves de transporte KC-390, helic\u00f3pteros de apoio, a recupera\u00e7\u00e3o do Arsenal do Alfeite, a compra das aeronaves A-29 &#8220;<a href=\"https:\/\/www.publico.pt\/2025\/08\/26\/publico-brasil\/noticia\/avioes-super-tucano-chegam-portugal-serem-adaptados-exigencias-otan-2145065\" rel=\"nofollow noopener\" target=\"_blank\">Super Tucano<\/a>&#8221; e o fabrico de muni\u00e7\u00f5es.<\/p>\n","protected":false},"excerpt":{"rendered":"O or\u00e7amento da defesa tem &#8220;um crescimento or\u00e7amental robusto&#8221;, de mais 14,8% em rela\u00e7\u00e3o \u00e0 despesa consolidada em&hellip;\n","protected":false},"author":2,"featured_media":140241,"comment_status":"","ping_status":"","sticky":false,"template":"","format":"standard","meta":{"footnotes":""},"categories":[83],"tags":[88,2537,837,89,90,6293,6101,23591,52,32,33],"class_list":{"0":"post-140240","1":"post","2":"type-post","3":"status-publish","4":"format-standard","5":"has-post-thumbnail","7":"category-empresas","8":"tag-business","9":"tag-defesa","10":"tag-drones","11":"tag-economy","12":"tag-empresas","13":"tag-forcas-armadas","14":"tag-ministerio-da-defesa","15":"tag-orcamento-do-estado-2026","16":"tag-politica","17":"tag-portugal","18":"tag-pt"},"share_on_mastodon":{"url":"https:\/\/pubeurope.com\/@pt\/115496237425115739","error":""},"_links":{"self":[{"href":"https:\/\/www.europesays.com\/pt\/wp-json\/wp\/v2\/posts\/140240","targetHints":{"allow":["GET"]}}],"collection":[{"href":"https:\/\/www.europesays.com\/pt\/wp-json\/wp\/v2\/posts"}],"about":[{"href":"https:\/\/www.europesays.com\/pt\/wp-json\/wp\/v2\/types\/post"}],"author":[{"embeddable":true,"href":"https:\/\/www.europesays.com\/pt\/wp-json\/wp\/v2\/users\/2"}],"replies":[{"embeddable":true,"href":"https:\/\/www.europesays.com\/pt\/wp-json\/wp\/v2\/comments?post=140240"}],"version-history":[{"count":0,"href":"https:\/\/www.europesays.com\/pt\/wp-json\/wp\/v2\/posts\/140240\/revisions"}],"wp:featuredmedia":[{"embeddable":true,"href":"https:\/\/www.europesays.com\/pt\/wp-json\/wp\/v2\/media\/140241"}],"wp:attachment":[{"href":"https:\/\/www.europesays.com\/pt\/wp-json\/wp\/v2\/media?parent=140240"}],"wp:term":[{"taxonomy":"category","embeddable":true,"href":"https:\/\/www.europesays.com\/pt\/wp-json\/wp\/v2\/categories?post=140240"},{"taxonomy":"post_tag","embeddable":true,"href":"https:\/\/www.europesays.com\/pt\/wp-json\/wp\/v2\/tags?post=140240"}],"curies":[{"name":"wp","href":"https:\/\/api.w.org\/{rel}","templated":true}]}}