{"id":140242,"date":"2025-11-05T08:51:09","date_gmt":"2025-11-05T08:51:09","guid":{"rendered":"https:\/\/www.europesays.com\/pt\/140242\/"},"modified":"2025-11-05T08:51:09","modified_gmt":"2025-11-05T08:51:09","slug":"massacre-no-sudao-e-tao-grande-que-se-ve-do-espaco","status":"publish","type":"post","link":"https:\/\/www.europesays.com\/pt\/140242\/","title":{"rendered":"Massacre no Sud\u00e3o \u00e9 t\u00e3o grande que se v\u00ea do espa\u00e7o"},"content":{"rendered":"<p>A guerra civil no Sud\u00e3o voltou a ganhar destaque na Imprensa e nas redes ap\u00f3s a cidade de Al-Fashir ter sido tomada, no final de outubro, pelas For\u00e7as de Apoio R\u00e1pido (RSF, na sigla em ingl\u00eas), que perpetrou um massacre cujo balan\u00e7o de v\u00edtimas pode chegar a milhares de civis &#8211; e que pode ser visto do espa\u00e7o. A revolta contra os Emirados \u00c1rabes Unidos cresce tamb\u00e9m devido ao alegado apoio \u00e0 mil\u00edcia, algo negado por Abu Dhabi.<\/p>\n","protected":false},"excerpt":{"rendered":"A guerra civil no Sud\u00e3o voltou a ganhar destaque na Imprensa e nas redes ap\u00f3s a cidade de&hellip;\n","protected":false},"author":2,"featured_media":140243,"comment_status":"","ping_status":"","sticky":false,"template":"","format":"standard","meta":{"footnotes":""},"categories":[50],"tags":[27,28,5698,15,16,3388,15885,14,25,26,21,22,20926,62,12,13,19,20,23,24,7290,17,18,31170,29,30,31,63,64,65],"class_list":{"0":"post-140242","1":"post","2":"type-post","3":"status-publish","4":"format-standard","5":"has-post-thumbnail","7":"category-mundo","8":"tag-breaking-news","9":"tag-breakingnews","10":"tag-emirados-arabes-unidos","11":"tag-featured-news","12":"tag-featurednews","13":"tag-genocidio","14":"tag-guerra-civil","15":"tag-headlines","16":"tag-latest-news","17":"tag-latestnews","18":"tag-main-news","19":"tag-mainnews","20":"tag-massacre","21":"tag-mundo","22":"tag-news","23":"tag-noticias","24":"tag-noticias-principais","25":"tag-noticiasprincipais","26":"tag-principais-noticias","27":"tag-principaisnoticias","28":"tag-sudao","29":"tag-top-stories","30":"tag-topstories","31":"tag-trafico-de-armas","32":"tag-ultimas","33":"tag-ultimas-noticias","34":"tag-ultimasnoticias","35":"tag-world","36":"tag-world-news","37":"tag-worldnews"},"share_on_mastodon":{"url":"https:\/\/pubeurope.com\/@pt\/115496241352922594","error":""},"_links":{"self":[{"href":"https:\/\/www.europesays.com\/pt\/wp-json\/wp\/v2\/posts\/140242","targetHints":{"allow":["GET"]}}],"collection":[{"href":"https:\/\/www.europesays.com\/pt\/wp-json\/wp\/v2\/posts"}],"about":[{"href":"https:\/\/www.europesays.com\/pt\/wp-json\/wp\/v2\/types\/post"}],"author":[{"embeddable":true,"href":"https:\/\/www.europesays.com\/pt\/wp-json\/wp\/v2\/users\/2"}],"replies":[{"embeddable":true,"href":"https:\/\/www.europesays.com\/pt\/wp-json\/wp\/v2\/comments?post=140242"}],"version-history":[{"count":0,"href":"https:\/\/www.europesays.com\/pt\/wp-json\/wp\/v2\/posts\/140242\/revisions"}],"wp:featuredmedia":[{"embeddable":true,"href":"https:\/\/www.europesays.com\/pt\/wp-json\/wp\/v2\/media\/140243"}],"wp:attachment":[{"href":"https:\/\/www.europesays.com\/pt\/wp-json\/wp\/v2\/media?parent=140242"}],"wp:term":[{"taxonomy":"category","embeddable":true,"href":"https:\/\/www.europesays.com\/pt\/wp-json\/wp\/v2\/categories?post=140242"},{"taxonomy":"post_tag","embeddable":true,"href":"https:\/\/www.europesays.com\/pt\/wp-json\/wp\/v2\/tags?post=140242"}],"curies":[{"name":"wp","href":"https:\/\/api.w.org\/{rel}","templated":true}]}}