{"id":140279,"date":"2025-11-05T09:32:25","date_gmt":"2025-11-05T09:32:25","guid":{"rendered":"https:\/\/www.europesays.com\/pt\/140279\/"},"modified":"2025-11-05T09:32:25","modified_gmt":"2025-11-05T09:32:25","slug":"finalmente-abriu-um-outlet-da-zara-home-com-pecas-de-antigas-colecoes-a-precos-reduzidos-noticias-de-hoje","status":"publish","type":"post","link":"https:\/\/www.europesays.com\/pt\/140279\/","title":{"rendered":"Finalmente abriu um outlet da Zara Home com pe\u00e7as de antigas cole\u00e7\u00f5es a pre\u00e7os reduzidos &#8211; Not\u00edcias de hoje"},"content":{"rendered":"<p>A Zara Home acaba de inaugurar uma loja outlet no Freeport, em Alcochete, e \u00e9 imposs\u00edvel sair de l\u00e1 de m\u00e3os a abanar. H\u00e1 pe\u00e7as das antigas cole\u00e7\u00f5es a pre\u00e7os reduzidos e uma nova sele\u00e7\u00e3o de artigos de decora\u00e7\u00e3o que est\u00e3o a deixar as redes sociais em alvoro\u00e7o.<\/p>\n<p data-end=\"980\" data-start=\"566\">Mas esta abertura vai muito al\u00e9m das promo\u00e7\u00f5es. O espa\u00e7o, com mais de 150 m\u00b2, integra o programa for&amp;from, um projeto de inclus\u00e3o social que proporciona oportunidades laborais a pessoas com capacidades especiais. Sob a gest\u00e3o da Associa\u00e7\u00e3o VilacomVida, a loja acolhe 17 colaboradores que d\u00e3o vida a este conceito, um exemplo de integra\u00e7\u00e3o e compromisso social que transforma a experi\u00eancia de compra.<\/p>\n<p data-end=\"1175\" data-start=\"982\">Portugal \u00e9 agora o <strong data-end=\"1018\" data-start=\"1001\">terceiro pa\u00eds<\/strong> a integrar ativamente o programa for&amp;from, que j\u00e1 impactou mais de <strong data-end=\"1099\" data-start=\"1086\">750 vidas<\/strong> e gerou <strong data-end=\"1141\" data-start=\"1108\">mais de oito milh\u00f5es de euros<\/strong> em benef\u00edcio de causas sociais.<\/p>\n<p>Segundo revelou a criadora de conte\u00fados @<a href=\"https:\/\/www.instagram.com\/thematchingtable\/\" role=\"link\" tabindex=\"0\" rel=\"nofollow noopener\" target=\"_blank\">thematchingtable<\/a>\u00a0esta nova loja &#8220;fica mesmo ao lado da Lacoste&#8221; e \u201cTem <strong data-end=\"845\" data-start=\"782\">mais do triplo do tamanho \u00e0 vontade (ou mesmo \u00e0 vontadinha)<\/strong>\u201d.\u00a0A influencer destacou ainda a <strong data-end=\"1428\" data-start=\"1385\">maior variedade e quantidade de artigos<\/strong>, bem como \u201cpromo\u00e7\u00f5es simp\u00e1ticas\u201d em t\u00eaxteis de cama e mesa, loi\u00e7as, velas e fragr\u00e2ncias para o lar.<\/p>\n<p data-end=\"1325\" data-start=\"1024\">E como o Natal est\u00e1 \u00e0 porta, a loja j\u00e1 conta com uma sele\u00e7\u00e3o especial de <strong data-end=\"1120\" data-start=\"1097\">decora\u00e7\u00e3o natal\u00edcia<\/strong>, perfeita para dar um toque acolhedor e festivo a qualquer divis\u00e3o da casa. Bolas, velas e mantas com tons quentes s\u00e3o algumas das pe\u00e7as que prometem conquistar quem adora esta \u00e9poca do ano. <strong>Percorra a galeria acima e veja alguns dos artigos que a loja oferece.<\/strong><\/p>\n<blockquote class=\"instagram-media\" data-instgrm-captioned=\"\" data-instgrm-permalink=\"https:\/\/www.instagram.com\/reel\/DQkcCPDjNsF\/?utm_source=ig_embed&amp;utm_campaign=loading\" data-instgrm-version=\"14\" style=\" background:#FFF; border:0; border-radius:3px; box-shadow:0 0 1px 0 rgba(0,0,0,0.5),0 1px 10px 0 rgba(0,0,0,0.15); margin: 1px; max-width:540px; min-width:326px; padding:0; width:99.375%; width:-webkit-calc(100% - 2px); width:calc(100% - 2px);\">\n<\/blockquote>\n<p>                        <script async src=\"\/\/www.instagram.com\/embed.js\"><\/script><\/p>\n","protected":false},"excerpt":{"rendered":"A Zara Home acaba de inaugurar uma loja outlet no Freeport, em Alcochete, e \u00e9 imposs\u00edvel sair de&hellip;\n","protected":false},"author":2,"featured_media":140280,"comment_status":"","ping_status":"","sticky":false,"template":"","format":"standard","meta":{"footnotes":""},"categories":[83],"tags":[88,89,90,31174,488,3425,13,31173,5629,32,33],"class_list":{"0":"post-140279","1":"post","2":"type-post","3":"status-publish","4":"format-standard","5":"has-post-thumbnail","7":"category-empresas","8":"tag-business","9":"tag-economy","10":"tag-empresas","11":"tag-freeport","12":"tag-iol","13":"tag-lojas","14":"tag-noticias","15":"tag-nova-loja-zara-home-outlet","16":"tag-novidades","17":"tag-portugal","18":"tag-pt"},"share_on_mastodon":{"url":"https:\/\/pubeurope.com\/@pt\/115496402453674351","error":""},"_links":{"self":[{"href":"https:\/\/www.europesays.com\/pt\/wp-json\/wp\/v2\/posts\/140279","targetHints":{"allow":["GET"]}}],"collection":[{"href":"https:\/\/www.europesays.com\/pt\/wp-json\/wp\/v2\/posts"}],"about":[{"href":"https:\/\/www.europesays.com\/pt\/wp-json\/wp\/v2\/types\/post"}],"author":[{"embeddable":true,"href":"https:\/\/www.europesays.com\/pt\/wp-json\/wp\/v2\/users\/2"}],"replies":[{"embeddable":true,"href":"https:\/\/www.europesays.com\/pt\/wp-json\/wp\/v2\/comments?post=140279"}],"version-history":[{"count":0,"href":"https:\/\/www.europesays.com\/pt\/wp-json\/wp\/v2\/posts\/140279\/revisions"}],"wp:featuredmedia":[{"embeddable":true,"href":"https:\/\/www.europesays.com\/pt\/wp-json\/wp\/v2\/media\/140280"}],"wp:attachment":[{"href":"https:\/\/www.europesays.com\/pt\/wp-json\/wp\/v2\/media?parent=140279"}],"wp:term":[{"taxonomy":"category","embeddable":true,"href":"https:\/\/www.europesays.com\/pt\/wp-json\/wp\/v2\/categories?post=140279"},{"taxonomy":"post_tag","embeddable":true,"href":"https:\/\/www.europesays.com\/pt\/wp-json\/wp\/v2\/tags?post=140279"}],"curies":[{"name":"wp","href":"https:\/\/api.w.org\/{rel}","templated":true}]}}