{"id":140289,"date":"2025-11-05T09:46:42","date_gmt":"2025-11-05T09:46:42","guid":{"rendered":"https:\/\/www.europesays.com\/pt\/140289\/"},"modified":"2025-11-05T09:46:42","modified_gmt":"2025-11-05T09:46:42","slug":"eicma-honda-v3r-900-e-compressor","status":"publish","type":"post","link":"https:\/\/www.europesays.com\/pt\/140289\/","title":{"rendered":"EICMA \u2013 Honda V3R 900 E-Compressor"},"content":{"rendered":"<p>Um ano depois de ter sido apresentada no <a href=\"https:\/\/ticketseicma.it\/en\/\" target=\"_blank\" rel=\"noopener nofollow\"><strong>Sal\u00e3o de Mil\u00e3o EICMA<\/strong><\/a> uma primeira vers\u00e3o em formato conceptual, a <a href=\"https:\/\/www.honda.pt\/motorcycles.html\" target=\"_blank\" rel=\"noopener nofollow\"><strong>Honda<\/strong><\/a> volta ao certame italiano para nos dar agora uma vis\u00e3o mais realista desse conceito. Denominada V3R 900 E-Compressor, a moto com motor equipado com sobrealimenta\u00e7\u00e3o com recurso a compressor \u00e9 um dos destaques do dia de abertura da EICMA.<\/p>\n<p>A configura\u00e7\u00e3o do motor mant\u00e9m a unidade V3 (tr\u00eas cilindros em V) com uma abertura\u00a0a 75 graus,\u00a0sendo um motor com refrigera\u00e7\u00e3o a \u00e1gua, tal como conhecemos do que foi apresentado na EICMA do ano passado.<\/p>\n<p>A maior novidade este ano \u00e9 a confirma\u00e7\u00e3o da cilindrada: 900\u00a0cc.<\/p>\n<p>Esta cilindrada permitir\u00e1 \u00e0 Honda manter o conceito na sua conce\u00e7\u00e3o original, mas garantindo que consegue criar uma unidade motriz com uma forma esguia e compacta. Como estreia mundial, de acordo com a Honda, para uma moto, este motor adota um compressor controlado eletronicamente, permitindo um controlo preciso da sobrealimenta\u00e7\u00e3o do motor.<\/p>\n<p>&#8211; PUBLICIDADE &#8211;<\/p>\n<p><img fetchpriority=\"high\" decoding=\"async\" class=\"aligncenter wp-image-115012 size-large\" src=\"https:\/\/www.europesays.com\/pt\/wp-content\/uploads\/2025\/11\/Honda-V3R-900-E-Compressor-26-1024x683.webp.webp\" alt=\"v3r 900 e-compressor\" width=\"696\" height=\"464\"  \/><\/p>\n<p>A utiliza\u00e7\u00e3o deste compressor el\u00e9trico permite \u00e0 V3R 900 E-Compressor disponibilizar maior dose de bin\u00e1rio com uma resposta mais r\u00e1pida desde baixas rota\u00e7\u00f5es. Isto dever\u00e1 proporcionar um desempenho equivalente ao de um motor de 1200\u00a0cc, alcan\u00e7ando simultaneamente especifica\u00e7\u00f5es que melhoram a efici\u00eancia ambiental.<\/p>\n<p>Os detalhes t\u00e9cnicos finais ainda est\u00e3o por divulgar, sendo que a Honda ir\u00e1 anunciar mais novidades sobre este projeto em breve.<\/p>\n<p>As carenagens apresentam zonas laterais de formato assim\u00e9trico, enquanto o emblema do dep\u00f3sito de combust\u00edvel estreia o novo design denominado de \u201cHonda\u00a0Flagship\u00a0Wing\u201d. Refira-se que, tal como foi hoje confirmado pela marca japonesa na EICMA, este log\u00f3tipo ser\u00e1 gradualmente introduzido nos modelos topo de gama a partir do pr\u00f3ximo ano.<\/p>\n<p>O prot\u00f3tipo V3R 900 E-Compressor pretende ser um novo marco nos desafios cont\u00ednuos da Honda. Em breve contamos ter mais novidades para lhe contar sobre esta moto equipada com motor sobrealimentado.<\/p>\n<p><strong>Galeria de fotos Honda V3R 900 E-Compressor<\/strong><\/p>\n<p>Fique atento a\u00a0<a href=\"https:\/\/motojornal.pt\/\" target=\"_blank\" rel=\"noopener nofollow\"><strong>www.motojornal.pt<\/strong><\/a>\u00a0para estar sempre a par de todas as novidades do mundo das duas rodas. E siga-nos no\u00a0<strong><a href=\"https:\/\/www.whatsapp.com\/channel\/0029Vb0iu9WA89MZlDrSZm0k\" target=\"_blank\" rel=\"noopener nofollow\">Canal Oficial da Revista Motojornal no WhatsApp<\/a><\/strong>\u00a0para receber todas as not\u00edcias atualizadas diretamente no seu telem\u00f3vel de forma ainda mais pr\u00e1tica!<\/p>\n","protected":false},"excerpt":{"rendered":"Um ano depois de ter sido apresentada no Sal\u00e3o de Mil\u00e3o EICMA uma primeira vers\u00e3o em formato conceptual,&hellip;\n","protected":false},"author":2,"featured_media":140290,"comment_status":"","ping_status":"","sticky":false,"template":"","format":"standard","meta":{"footnotes":""},"categories":[83],"tags":[88,1661,89,31175,90,3644,3201,31176,32,26040,33,31177],"class_list":{"0":"post-140289","1":"post","2":"type-post","3":"status-publish","4":"format-standard","5":"has-post-thumbnail","7":"category-empresas","8":"tag-business","9":"tag-destaque","10":"tag-economy","11":"tag-eicma","12":"tag-empresas","13":"tag-honda","14":"tag-insta","15":"tag-novidades-2026","16":"tag-portugal","17":"tag-prototipo","18":"tag-pt","19":"tag-v3r-900-e-compressor"},"share_on_mastodon":{"url":"https:\/\/pubeurope.com\/@pt\/115496457727332799","error":""},"_links":{"self":[{"href":"https:\/\/www.europesays.com\/pt\/wp-json\/wp\/v2\/posts\/140289","targetHints":{"allow":["GET"]}}],"collection":[{"href":"https:\/\/www.europesays.com\/pt\/wp-json\/wp\/v2\/posts"}],"about":[{"href":"https:\/\/www.europesays.com\/pt\/wp-json\/wp\/v2\/types\/post"}],"author":[{"embeddable":true,"href":"https:\/\/www.europesays.com\/pt\/wp-json\/wp\/v2\/users\/2"}],"replies":[{"embeddable":true,"href":"https:\/\/www.europesays.com\/pt\/wp-json\/wp\/v2\/comments?post=140289"}],"version-history":[{"count":0,"href":"https:\/\/www.europesays.com\/pt\/wp-json\/wp\/v2\/posts\/140289\/revisions"}],"wp:featuredmedia":[{"embeddable":true,"href":"https:\/\/www.europesays.com\/pt\/wp-json\/wp\/v2\/media\/140290"}],"wp:attachment":[{"href":"https:\/\/www.europesays.com\/pt\/wp-json\/wp\/v2\/media?parent=140289"}],"wp:term":[{"taxonomy":"category","embeddable":true,"href":"https:\/\/www.europesays.com\/pt\/wp-json\/wp\/v2\/categories?post=140289"},{"taxonomy":"post_tag","embeddable":true,"href":"https:\/\/www.europesays.com\/pt\/wp-json\/wp\/v2\/tags?post=140289"}],"curies":[{"name":"wp","href":"https:\/\/api.w.org\/{rel}","templated":true}]}}