{"id":140312,"date":"2025-11-05T10:21:09","date_gmt":"2025-11-05T10:21:09","guid":{"rendered":"https:\/\/www.europesays.com\/pt\/140312\/"},"modified":"2025-11-05T10:21:09","modified_gmt":"2025-11-05T10:21:09","slug":"marisa-susana-e-liliana-cada-vez-mais-perto-dos-segredos-da-casa-secret-story","status":"publish","type":"post","link":"https:\/\/www.europesays.com\/pt\/140312\/","title":{"rendered":"Marisa Susana e Liliana cada vez mais perto dos segredos da casa &#8211; Secret Story"},"content":{"rendered":"<p>Durante a madrugada, no Secret Story, Liliana e Marisa Susana discutem teorias de segredos, e h\u00e1 umas que v\u00e3o ao encontro dos segredos que ainda est\u00e3o por desvendar. Veja tudo.\u00a0<\/p>\n<p><strong>H\u00e1 cinco nomeados em risco de sair j\u00e1 no pr\u00f3ximo domingo. VOTE PARA SALVAR:\u00a0<\/strong><\/p>\n<p>ANA CRISTINA \u2013 761 20 20 02<br \/>BRUNO \u2013 761 20 20 04<br \/>IN\u00caS \u2013 761 20 20 10<br \/>PEDRO \u2013 761 20 20 18<br \/>RAQUEL \u2013 761 20 20 22<\/p>\n<p><a href=\"https:\/\/tvi.iol.pt\/secretstory\/aominuto\u00a0\" rel=\"nofollow noopener\" target=\"_blank\">Acompanhe tudo o que se passa na casa mais vigiada do Pa\u00eds<\/a><\/p>\n","protected":false},"excerpt":{"rendered":"Durante a madrugada, no Secret Story, Liliana e Marisa Susana discutem teorias de segredos, e h\u00e1 umas que&hellip;\n","protected":false},"author":2,"featured_media":140313,"comment_status":"","ping_status":"","sticky":false,"template":"","format":"standard","meta":{"footnotes":""},"categories":[142],"tags":[114,115,19016,19153,19795,32,33,19793,19794,151],"class_list":{"0":"post-140312","1":"post","2":"type-post","3":"status-publish","4":"format-standard","5":"has-post-thumbnail","7":"category-tv","8":"tag-entertainment","9":"tag-entretenimento","10":"tag-liliana","11":"tag-marisa-susana","12":"tag-misterios-reality-show-tvi","13":"tag-portugal","14":"tag-pt","15":"tag-segredos-concorrentes","16":"tag-segredos-revelados","17":"tag-tv"},"share_on_mastodon":{"url":"https:\/\/pubeurope.com\/@pt\/115496595199868462","error":""},"_links":{"self":[{"href":"https:\/\/www.europesays.com\/pt\/wp-json\/wp\/v2\/posts\/140312","targetHints":{"allow":["GET"]}}],"collection":[{"href":"https:\/\/www.europesays.com\/pt\/wp-json\/wp\/v2\/posts"}],"about":[{"href":"https:\/\/www.europesays.com\/pt\/wp-json\/wp\/v2\/types\/post"}],"author":[{"embeddable":true,"href":"https:\/\/www.europesays.com\/pt\/wp-json\/wp\/v2\/users\/2"}],"replies":[{"embeddable":true,"href":"https:\/\/www.europesays.com\/pt\/wp-json\/wp\/v2\/comments?post=140312"}],"version-history":[{"count":0,"href":"https:\/\/www.europesays.com\/pt\/wp-json\/wp\/v2\/posts\/140312\/revisions"}],"wp:featuredmedia":[{"embeddable":true,"href":"https:\/\/www.europesays.com\/pt\/wp-json\/wp\/v2\/media\/140313"}],"wp:attachment":[{"href":"https:\/\/www.europesays.com\/pt\/wp-json\/wp\/v2\/media?parent=140312"}],"wp:term":[{"taxonomy":"category","embeddable":true,"href":"https:\/\/www.europesays.com\/pt\/wp-json\/wp\/v2\/categories?post=140312"},{"taxonomy":"post_tag","embeddable":true,"href":"https:\/\/www.europesays.com\/pt\/wp-json\/wp\/v2\/tags?post=140312"}],"curies":[{"name":"wp","href":"https:\/\/api.w.org\/{rel}","templated":true}]}}