{"id":140314,"date":"2025-11-05T10:23:22","date_gmt":"2025-11-05T10:23:22","guid":{"rendered":"https:\/\/www.europesays.com\/pt\/140314\/"},"modified":"2025-11-05T10:23:22","modified_gmt":"2025-11-05T10:23:22","slug":"liga-da-justica-zack-snyder-surpreende-ao-revelar-imagem-inedita-do-coringa-de-jared-leto","status":"publish","type":"post","link":"https:\/\/www.europesays.com\/pt\/140314\/","title":{"rendered":"&#8216;Liga da Justi\u00e7a&#8217;: Zack Snyder surpreende ao revelar imagem in\u00e9dita do Coringa de Jared Leto"},"content":{"rendered":"<p>O cineasta <strong><a href=\"https:\/\/cinepop.com.br\/tag\/zack-snyder\/\" title=\"Zack Snyder\" rel=\"nofollow noopener\" target=\"_blank\">Zack Snyder<\/a><\/strong>, figura central no antigo Universo Estendido <a href=\"https:\/\/cinepop.com.br\/tag\/dc\/\" title=\"DC\" rel=\"nofollow noopener\" target=\"_blank\">DC<\/a> (DCEU), voltou a compartilhar imagens in\u00e9ditas do seu Universo <a href=\"https:\/\/cinepop.com.br\/tag\/dc\/\" title=\"DC\" rel=\"nofollow noopener\" target=\"_blank\">DC<\/a>, dessa vez destacando <strong>Jared Leto<\/strong> como o Coringa, o terr\u00edvel Palha\u00e7o do Crime.<\/p>\n<p>Confira e siga o\u00a0<a href=\"https:\/\/www.youtube.com\/cinepop?sub_confirmation=1\" target=\"_blank\" rel=\"noopener nofollow\"><strong>CinePOP no Youtube<\/strong><\/a>:<\/p>\n<blockquote class=\"instagram-media\" style=\"background: #FFF; border: 0; border-radius: 3px; box-shadow: 0 0 1px 0 rgba(0,0,0,0.5),0 1px 10px 0 rgba(0,0,0,0.15); margin: 1px; max-width: 540px; min-width: 326px; padding: 0; width: calc(100% - 2px);\" data-instgrm-captioned=\"\" data-instgrm-permalink=\"https:\/\/www.instagram.com\/p\/DQmoOzvEl9F\/?utm_source=ig_embed&amp;utm_campaign=loading\" data-instgrm-version=\"14\">\n<\/blockquote>\n<p>\u00c9 importante lembrar que a performance de<strong> Jared Leto<\/strong> como o Coringa gerou certas pol\u00eamicas na \u00e9poca de sua estreia, principalmente devido \u00e0 sua participa\u00e7\u00e3o frustrante em <strong>\u2018Esquadr\u00e3o Suicida\u2019<\/strong> (2016).<\/p>\n<p>Enquanto alguns cr\u00edticos e f\u00e3s consideraram o trabalho do ator ruim ou exagerado, outros argumentaram que ele foi mal aproveitado e prejudicado pela edi\u00e7\u00e3o do filme.<\/p>\n<p>A participa\u00e7\u00e3o do ator foi drasticamente cortada na vers\u00e3o original de<strong> \u2018<a href=\"https:\/\/cinepop.com.br\/tag\/liga-da-justica\/\" title=\"Liga da Justi\u00e7a\" rel=\"nofollow noopener\" target=\"_blank\">Liga da Justi\u00e7a<\/a>\u2019<\/strong> (2017). Ele s\u00f3 voltou a aparecer em <strong>\u2018<a href=\"https:\/\/cinepop.com.br\/tag\/liga-da-justica\/\" title=\"Liga da Justi\u00e7a\" rel=\"nofollow noopener\" target=\"_blank\">Liga da Justi\u00e7a<\/a> de <a href=\"https:\/\/cinepop.com.br\/tag\/zack-snyder\/\" title=\"Zack Snyder\" rel=\"nofollow noopener\" target=\"_blank\">Zack Snyder<\/a>\u2019<\/strong> (2021), em uma cena de ep\u00edlogo onde um di\u00e1logo entre ele e Batman revela que o Coringa matou o Robin.<\/p>\n<p><a href=\"https:\/\/cinepop.com.br\/polemica-fas-de-zack-snyder-organizam-boicote-a-superman-com-plano-maquiavelico-660802\/\" rel=\"nofollow noopener\" target=\"_blank\">POL\u00caMICA! F\u00e3s de Zack Snyder organizam BOICOTE a \u2018Superman\u2019 com plano maquiav\u00e9lico<\/a><\/p>\n<p>Embora a publica\u00e7\u00e3o de <strong>Snyder<\/strong> tenha gerado novas especula\u00e7\u00f5es entre os fi\u00e9is seguidores da campanha #RestoreTheSnyderVerse, \u00e9 pouco prov\u00e1vel que ela indique mais do que o cineasta compartilhando seu trabalho fotogr\u00e1fico em sua nova plataforma social.<\/p>\n<p><a href=\"https:\/\/cinepop.com.br\/zack-snyder-revela-qual-dos-seus-filmes-de-super-herois-e-o-seu-favorito-566777\/\" rel=\"nofollow noopener\" target=\"_blank\">Zack Snyder revela qual dos seus filmes de super her\u00f3is \u00e9 o seu favorito<\/a><\/p>\n<p><strong>\u2018<a href=\"https:\/\/cinepop.com.br\/tag\/liga-da-justica\/\" title=\"Liga da Justi\u00e7a\" rel=\"nofollow noopener\" target=\"_blank\">Liga da Justi\u00e7a<\/a> de <a href=\"https:\/\/cinepop.com.br\/tag\/zack-snyder\/\" title=\"Zack Snyder\" rel=\"nofollow noopener\" target=\"_blank\">Zack Snyder<\/a>\u2019 est\u00e1 dispon\u00edvel no Max.<\/strong><\/p>\n<p><script async src=\"\/\/www.instagram.com\/embed.js\"><\/script><\/p>\n","protected":false},"excerpt":{"rendered":"O cineasta Zack Snyder, figura central no antigo Universo Estendido DC (DCEU), voltou a compartilhar imagens in\u00e9ditas do&hellip;\n","protected":false},"author":2,"featured_media":140315,"comment_status":"","ping_status":"","sticky":false,"template":"","format":"standard","meta":{"footnotes":""},"categories":[140],"tags":[18248,15407,27874,2945,114,115,12967,3639,147,148,10912,8733,15940,4741,27875,27876,12978,146,32,33,27877,27878,7088,15427,26140],"class_list":{"0":"post-140314","1":"post","2":"type-post","3":"status-publish","4":"format-standard","5":"has-post-thumbnail","7":"category-filmes","8":"tag-ben-affleck","9":"tag-damon-lindelof","10":"tag-danny-elfman","11":"tag-dc","12":"tag-entertainment","13":"tag-entretenimento","14":"tag-ezra-miller","15":"tag-featured","16":"tag-film","17":"tag-filmes","18":"tag-gal-gadot","19":"tag-henry-cavill","20":"tag-james-wan","21":"tag-jason-momoa","22":"tag-joss-whedon","23":"tag-kiersey-clemons","24":"tag-liga-da-justica","25":"tag-movies","26":"tag-portugal","27":"tag-pt","28":"tag-ray-fisher","29":"tag-snyder-cut","30":"tag-warner-bros","31":"tag-watchmen","32":"tag-zack-snyder"},"share_on_mastodon":{"url":"https:\/\/pubeurope.com\/@pt\/115496603157520250","error":""},"_links":{"self":[{"href":"https:\/\/www.europesays.com\/pt\/wp-json\/wp\/v2\/posts\/140314","targetHints":{"allow":["GET"]}}],"collection":[{"href":"https:\/\/www.europesays.com\/pt\/wp-json\/wp\/v2\/posts"}],"about":[{"href":"https:\/\/www.europesays.com\/pt\/wp-json\/wp\/v2\/types\/post"}],"author":[{"embeddable":true,"href":"https:\/\/www.europesays.com\/pt\/wp-json\/wp\/v2\/users\/2"}],"replies":[{"embeddable":true,"href":"https:\/\/www.europesays.com\/pt\/wp-json\/wp\/v2\/comments?post=140314"}],"version-history":[{"count":0,"href":"https:\/\/www.europesays.com\/pt\/wp-json\/wp\/v2\/posts\/140314\/revisions"}],"wp:featuredmedia":[{"embeddable":true,"href":"https:\/\/www.europesays.com\/pt\/wp-json\/wp\/v2\/media\/140315"}],"wp:attachment":[{"href":"https:\/\/www.europesays.com\/pt\/wp-json\/wp\/v2\/media?parent=140314"}],"wp:term":[{"taxonomy":"category","embeddable":true,"href":"https:\/\/www.europesays.com\/pt\/wp-json\/wp\/v2\/categories?post=140314"},{"taxonomy":"post_tag","embeddable":true,"href":"https:\/\/www.europesays.com\/pt\/wp-json\/wp\/v2\/tags?post=140314"}],"curies":[{"name":"wp","href":"https:\/\/api.w.org\/{rel}","templated":true}]}}