{"id":140324,"date":"2025-11-05T10:31:13","date_gmt":"2025-11-05T10:31:13","guid":{"rendered":"https:\/\/www.europesays.com\/pt\/140324\/"},"modified":"2025-11-05T10:31:13","modified_gmt":"2025-11-05T10:31:13","slug":"jose-manuel-anes-tem-alta-longe-das-mentiras-do-cerebro-doentio-e-malefico-da-filha","status":"publish","type":"post","link":"https:\/\/www.europesays.com\/pt\/140324\/","title":{"rendered":"Jos\u00e9 Manuel Anes tem alta &#8220;longe das mentiras do c\u00e9rebro doentio e mal\u00e9fico&#8221; da filha"},"content":{"rendered":"<p data-remotead-prev-elm=\"true\" data-remotead-elm-id=\"inread\">Anes revelou que se encontra agora &#8220;na maravilhosa quinta de um amigo nos arredores de Lisboa, local ideal para repouso e recupera\u00e7\u00e3o&#8221;, e disse estar &#8220;longe das mentiras propaladas pelo c\u00e9rebro doentio e mal\u00e9fico da minha filha&#8221;, de 40 anos e atualmente em pris\u00e3o preventiva num hospital-pris\u00e3o.<\/p>\n<p>Tal como o JN noticiou, o crime foi cometido, ao in\u00edcio da tarde de dia 20 de outubro, na resid\u00eancia da v\u00edtima, em Lisboa, sendo que uma fonte da PSP apontou, ao JN, para a exist\u00eancia de um hist\u00f3rico de viol\u00eancia dom\u00e9stica entre pai e filha.<\/p>\n<p>Segundo a mesma fonte, pelas 13.54 horas, um carro-patrulha da 1.\u00aa Divis\u00e3o do Comando Metropolitano de Lisboa foi acionado para a morada de Jos\u00e9 Manuel Anes, depois de ter sido comunicada a alegada agress\u00e3o da filha ao pr\u00f3prio pai.<\/p>\n<p data-remotead-prev-elm=\"true\" data-remotead-elm-id=\"centro1\">\u00c0 chegada ao local do crime, v\u00e1rias testemunhas informaram que uma mulher, presumivelmente familiar da v\u00edtima, teria sido vista a sair da habita\u00e7\u00e3o em causa. Receando pela integridade f\u00edsica do homem, e tendo em conta um hist\u00f3rico de viol\u00eancia dom\u00e9stica, os agentes dirigiram-se para o interior da resid\u00eancia, onde encontraram Jos\u00e9 Manuel Anes prostrado, no ch\u00e3o, e ensanguentado.<\/p>\n<p><strong>Homic\u00eddio tentado, diz PJ<\/strong><\/p>\n<p>A v\u00edtima apresentava diversos ferimentos e lacera\u00e7\u00f5es no abd\u00f3men, nas m\u00e3os e nas pernas, aparentemente provocados por um objeto cortante, que seria uma faca. Foram ainda observados ao octogen\u00e1rio hematomas nos olhos, alegadamente, resultantes de agress\u00f5es manuais.<\/p>\n<p>Uma ambul\u00e2ncia dos Bombeiros Sapadores do Beato e Penha de Fran\u00e7a foi mobilizada e transportou Jos\u00e9 Manuel Anes para o Hospital de S\u00e3o Jos\u00e9, onde deu entrada pelas 14.50 horas.<\/p>\n<p data-remotead-prev-elm=\"true\" data-remotead-elm-id=\"centro2\">A PSP procedeu \u00e0 preserva\u00e7\u00e3o do local do crime e contactou de imediato a Pol\u00edcia Judici\u00e1ria, que assumiu a investiga\u00e7\u00e3o do caso, dado o tipo de crime em causa.<\/p>\n<p>Ao in\u00edcio da noite do mesmo dia, a Pol\u00edcia Judici\u00e1ria (PJ) informou que &#8220;a principal suspeita da pr\u00e1tica do crime de homic\u00eddio tentado&#8221;, uma mulher de cerca de 40 anos, estava sob sua &#8220;cust\u00f3dia&#8221; e que a investiga\u00e7\u00e3o estaria a cargo da sua Diretoria de Lisboa e Vale do Tejo.<\/p>\n","protected":false},"excerpt":{"rendered":"Anes revelou que se encontra agora &#8220;na maravilhosa quinta de um amigo nos arredores de Lisboa, local ideal&hellip;\n","protected":false},"author":2,"featured_media":129181,"comment_status":"","ping_status":"","sticky":false,"template":"","format":"standard","meta":{"footnotes":""},"categories":[8],"tags":[27,28,1169,15,16,14,27742,603,25,26,21,22,12,13,19,20,32,23,24,33,17,18,29,30,31],"class_list":{"0":"post-140324","1":"post","2":"type-post","3":"status-publish","4":"format-standard","5":"has-post-thumbnail","7":"category-principais-noticias","8":"tag-breaking-news","9":"tag-breakingnews","10":"tag-facebook","11":"tag-featured-news","12":"tag-featurednews","13":"tag-headlines","14":"tag-jose-manuel-anes","15":"tag-justica","16":"tag-latest-news","17":"tag-latestnews","18":"tag-main-news","19":"tag-mainnews","20":"tag-news","21":"tag-noticias","22":"tag-noticias-principais","23":"tag-noticiasprincipais","24":"tag-portugal","25":"tag-principais-noticias","26":"tag-principaisnoticias","27":"tag-pt","28":"tag-top-stories","29":"tag-topstories","30":"tag-ultimas","31":"tag-ultimas-noticias","32":"tag-ultimasnoticias"},"share_on_mastodon":{"url":"https:\/\/pubeurope.com\/@pt\/115496634593374968","error":""},"_links":{"self":[{"href":"https:\/\/www.europesays.com\/pt\/wp-json\/wp\/v2\/posts\/140324","targetHints":{"allow":["GET"]}}],"collection":[{"href":"https:\/\/www.europesays.com\/pt\/wp-json\/wp\/v2\/posts"}],"about":[{"href":"https:\/\/www.europesays.com\/pt\/wp-json\/wp\/v2\/types\/post"}],"author":[{"embeddable":true,"href":"https:\/\/www.europesays.com\/pt\/wp-json\/wp\/v2\/users\/2"}],"replies":[{"embeddable":true,"href":"https:\/\/www.europesays.com\/pt\/wp-json\/wp\/v2\/comments?post=140324"}],"version-history":[{"count":0,"href":"https:\/\/www.europesays.com\/pt\/wp-json\/wp\/v2\/posts\/140324\/revisions"}],"wp:featuredmedia":[{"embeddable":true,"href":"https:\/\/www.europesays.com\/pt\/wp-json\/wp\/v2\/media\/129181"}],"wp:attachment":[{"href":"https:\/\/www.europesays.com\/pt\/wp-json\/wp\/v2\/media?parent=140324"}],"wp:term":[{"taxonomy":"category","embeddable":true,"href":"https:\/\/www.europesays.com\/pt\/wp-json\/wp\/v2\/categories?post=140324"},{"taxonomy":"post_tag","embeddable":true,"href":"https:\/\/www.europesays.com\/pt\/wp-json\/wp\/v2\/tags?post=140324"}],"curies":[{"name":"wp","href":"https:\/\/api.w.org\/{rel}","templated":true}]}}