{"id":140326,"date":"2025-11-05T10:35:09","date_gmt":"2025-11-05T10:35:09","guid":{"rendered":"https:\/\/www.europesays.com\/pt\/140326\/"},"modified":"2025-11-05T10:35:09","modified_gmt":"2025-11-05T10:35:09","slug":"vem-ai-em-terra-forte-eis-o-pacto-de-sammy-e-manuel-que-quase-ninguem-sabe-novelas","status":"publish","type":"post","link":"https:\/\/www.europesays.com\/pt\/140326\/","title":{"rendered":"Vem a\u00ed em \u00abTerra Forte\u00bb: Eis o pacto de Sammy e Manuel que quase ningu\u00e9m sabe &#8211; Novelas"},"content":{"rendered":"<p>Em \u00abTerra Forte\u00bb, <a href=\"https:\/\/tvi.iol.pt\/novelas\/videos\/terra-forte-sammy-fica-sem-chao-ao-descobrir-que-flor-e-a-mae-de-rosinha\/68f7b83e0cf29d28d8297a75\" rel=\"nofollow noopener\" target=\"_blank\">Sammy (Jos\u00e9 Fidalgo)<\/a>\u00a0explica a <a href=\"https:\/\/tvi.iol.pt\/novelas\/videos\/terra-forte-no-dia-do-seu-aniversario-flor-recebe-uma-visita-inesperada\/68f65c7a0cf29d28d82976c8\" rel=\"nofollow noopener\" target=\"_blank\">Flor (Benedita Pereira)<\/a>\u00a0que teve de acelerar o casamento com <a href=\"https:\/\/tvi.iol.pt\/novelas\/videos\/terra-forte-maria-de-fatima-e-manuel-tinham-um-caso\/68f65cdc0cf29d28d82976cb\" rel=\"nofollow noopener\" target=\"_blank\">Maria de F\u00e1tima (Rita Pereira) <\/a>\u00a0por ela ter ficado gr\u00e1vida, tendo se sujeitar a ir viver para aquela casa. Sammy revela que <a href=\"https:\/\/tvi.iol.pt\/novelas\/videos\/terra-forte-manuel-tira-toda-a-fortuna-alvaro\/68f61d3d0cf285ab53a6aafc\" rel=\"nofollow noopener\" target=\"_blank\">Manuel (Ant\u00f3nio Capelo)<\/a>\u00a0lhe prop\u00f4s que os filhos dele e de Maria de F\u00e1tima herdassem tudo quando atingissem a maioridade. Flor fica surpresa.<\/p>\n<p>FLASHBACK IN\u00c9DITO 2007: Sammy est\u00e1 de volta \u00e0 mans\u00e3o para se mudar para ali, muito tenso. Maria de F\u00e1tima, que est\u00e1 em final de gravidez, recebe-o. Leumi (Cassiano Carneiro) avisa Sammy que Manuel quer falar com ele. Manuel, dizendo a Sammy saber que ele se juntou com Maria de F\u00e1tima para continuar com o plano de recuperar a fortuna da fam\u00edlia, refere querer acabar com a guerra entre as duas fam\u00edlias, que j\u00e1 vitimou Flor, propondo-lhe que os filhos dele e de Maria de F\u00e1tima herdem tudo quando atingirem a maioridade. Sammy concorda, selando tr\u00e9guas com Manuel.<\/p>\n<p>Recorde-se que o irm\u00e3o der Sammy morreu por engano e por culpa de Manuel:<\/p>\n","protected":false},"excerpt":{"rendered":"Em \u00abTerra Forte\u00bb, Sammy (Jos\u00e9 Fidalgo)\u00a0explica a Flor (Benedita Pereira)\u00a0que teve de acelerar o casamento com Maria de&hellip;\n","protected":false},"author":2,"featured_media":140327,"comment_status":"","ping_status":"","sticky":false,"template":"","format":"standard","meta":{"footnotes":""},"categories":[142],"tags":[160,27279,7951,166,114,115,157,167,978,164,24821,8598,161,158,165,159,32,33,156,5871,26751,18614,163,151,162],"class_list":{"0":"post-140326","1":"post","2":"type-post","3":"status-publish","4":"format-standard","5":"has-post-thumbnail","7":"category-tv","8":"tag-ana-guiomar","9":"tag-antonio-capelo","10":"tag-benedita-pereira","11":"tag-cristina-ferreira","12":"tag-entertainment","13":"tag-entretenimento","14":"tag-festa-e-festa","15":"tag-ficcao","16":"tag-flor","17":"tag-jose-fidalgo","18":"tag-manuel","19":"tag-maria-de-fatima","20":"tag-novelas","21":"tag-para-sempre","22":"tag-pedro-sousa","23":"tag-pedro-teixeira","24":"tag-portugal","25":"tag-pt","26":"tag-queridos-papas","27":"tag-rita-pereira","28":"tag-sammy","29":"tag-terra-forte","30":"tag-tiago-teotonio-pereira","31":"tag-tv","32":"tag-tvi"},"share_on_mastodon":{"url":"https:\/\/pubeurope.com\/@pt\/115496650330517035","error":""},"_links":{"self":[{"href":"https:\/\/www.europesays.com\/pt\/wp-json\/wp\/v2\/posts\/140326","targetHints":{"allow":["GET"]}}],"collection":[{"href":"https:\/\/www.europesays.com\/pt\/wp-json\/wp\/v2\/posts"}],"about":[{"href":"https:\/\/www.europesays.com\/pt\/wp-json\/wp\/v2\/types\/post"}],"author":[{"embeddable":true,"href":"https:\/\/www.europesays.com\/pt\/wp-json\/wp\/v2\/users\/2"}],"replies":[{"embeddable":true,"href":"https:\/\/www.europesays.com\/pt\/wp-json\/wp\/v2\/comments?post=140326"}],"version-history":[{"count":0,"href":"https:\/\/www.europesays.com\/pt\/wp-json\/wp\/v2\/posts\/140326\/revisions"}],"wp:featuredmedia":[{"embeddable":true,"href":"https:\/\/www.europesays.com\/pt\/wp-json\/wp\/v2\/media\/140327"}],"wp:attachment":[{"href":"https:\/\/www.europesays.com\/pt\/wp-json\/wp\/v2\/media?parent=140326"}],"wp:term":[{"taxonomy":"category","embeddable":true,"href":"https:\/\/www.europesays.com\/pt\/wp-json\/wp\/v2\/categories?post=140326"},{"taxonomy":"post_tag","embeddable":true,"href":"https:\/\/www.europesays.com\/pt\/wp-json\/wp\/v2\/tags?post=140326"}],"curies":[{"name":"wp","href":"https:\/\/api.w.org\/{rel}","templated":true}]}}