{"id":140335,"date":"2025-11-05T10:46:13","date_gmt":"2025-11-05T10:46:13","guid":{"rendered":"https:\/\/www.europesays.com\/pt\/140335\/"},"modified":"2025-11-05T10:46:13","modified_gmt":"2025-11-05T10:46:13","slug":"tres-menores-desaparecidos-na-alemanha-localizados-pela-gnr-em-pombal-e-castelo-branco","status":"publish","type":"post","link":"https:\/\/www.europesays.com\/pt\/140335\/","title":{"rendered":"Tr\u00eas menores desaparecidos na Alemanha localizados pela GNR em Pombal e Castelo Branco"},"content":{"rendered":"<p data-remotead-prev-elm=\"true\" data-remotead-elm-id=\"inread\">Segundo informou esta quarta-feira a Guarda, a descoberta aconteceu quando os militares intercetaram durante uma fiscaliza\u00e7\u00e3o rodovi\u00e1ria no concelho de Pombal um carro que circulava com matr\u00edculas falsas.<\/p>\n<p>Al\u00e9m do condutor de 18 anos, seguiam no interior do ve\u00edculo dois adolescentes, um jovem de 13 anos e uma jovem de 15 anos, residentes na Alemanha e que estavam sinalizados como desaparecidos na plataforma Schengen.<\/p>\n<p>Nessa altura, foi realizada uma busca ao ve\u00edculo e uma revista de seguran\u00e7a a todos os ocupantes, tendo sido poss\u00edvel apurar que o condutor estava na posse de 360 doses de anfetaminas e n\u00e3o possu\u00eda habilita\u00e7\u00e3o legal para conduzir, raz\u00e3o pela qual foi detido e ser\u00e1 apresentado esta quarta-feira no Tribunal Judicial de Leiria.<\/p>\n<p data-remotead-prev-elm=\"true\" data-remotead-elm-id=\"centro1\">Ainda no \u00e2mbito desta a\u00e7\u00e3o, informou a for\u00e7a policial, os militares localizaram em Castelo Branco um rapaz e uma rapariga, ambos de 17 anos (esta \u00faltima tamb\u00e9m sinalizada como desaparecida na Alemanha), e um homem de 39 anos.<\/p>\n<p>Apesar de a GNR n\u00e3o saber ao certo o que os jovens faziam em Portugal, o comandante do Destacamento Territorial de Leiria, capit\u00e3o H\u00e9lder Rodrigues, adiantou, ao JN, que os militares suspeitam que os mesmos poder\u00e3o estar ligados a uma s\u00e9rie de furtos ocorridos recentemente em ve\u00edculos e moedeiros na zona de Pombal e Leiria, possivelmente cometidos para garantir a pr\u00f3pria subsist\u00eancia.<\/p>\n","protected":false},"excerpt":{"rendered":"Segundo informou esta quarta-feira a Guarda, a descoberta aconteceu quando os militares intercetaram durante uma fiscaliza\u00e7\u00e3o rodovi\u00e1ria no&hellip;\n","protected":false},"author":2,"featured_media":140336,"comment_status":"","ping_status":"","sticky":false,"template":"","format":"standard","meta":{"footnotes":""},"categories":[10],"tags":[27,28,2947,15,16,2002,14,603,25,26,21,22,12,13,19,20,21712,32,23,24,33,17,18,29,30,31],"class_list":{"0":"post-140335","1":"post","2":"type-post","3":"status-publish","4":"format-standard","5":"has-post-thumbnail","7":"category-portugal","8":"tag-breaking-news","9":"tag-breakingnews","10":"tag-castelo-branco","11":"tag-featured-news","12":"tag-featurednews","13":"tag-gnr","14":"tag-headlines","15":"tag-justica","16":"tag-latest-news","17":"tag-latestnews","18":"tag-main-news","19":"tag-mainnews","20":"tag-news","21":"tag-noticias","22":"tag-noticias-principais","23":"tag-noticiasprincipais","24":"tag-pombal","25":"tag-portugal","26":"tag-principais-noticias","27":"tag-principaisnoticias","28":"tag-pt","29":"tag-top-stories","30":"tag-topstories","31":"tag-ultimas","32":"tag-ultimas-noticias","33":"tag-ultimasnoticias"},"share_on_mastodon":{"url":"https:\/\/pubeurope.com\/@pt\/115496693672549668","error":""},"_links":{"self":[{"href":"https:\/\/www.europesays.com\/pt\/wp-json\/wp\/v2\/posts\/140335","targetHints":{"allow":["GET"]}}],"collection":[{"href":"https:\/\/www.europesays.com\/pt\/wp-json\/wp\/v2\/posts"}],"about":[{"href":"https:\/\/www.europesays.com\/pt\/wp-json\/wp\/v2\/types\/post"}],"author":[{"embeddable":true,"href":"https:\/\/www.europesays.com\/pt\/wp-json\/wp\/v2\/users\/2"}],"replies":[{"embeddable":true,"href":"https:\/\/www.europesays.com\/pt\/wp-json\/wp\/v2\/comments?post=140335"}],"version-history":[{"count":0,"href":"https:\/\/www.europesays.com\/pt\/wp-json\/wp\/v2\/posts\/140335\/revisions"}],"wp:featuredmedia":[{"embeddable":true,"href":"https:\/\/www.europesays.com\/pt\/wp-json\/wp\/v2\/media\/140336"}],"wp:attachment":[{"href":"https:\/\/www.europesays.com\/pt\/wp-json\/wp\/v2\/media?parent=140335"}],"wp:term":[{"taxonomy":"category","embeddable":true,"href":"https:\/\/www.europesays.com\/pt\/wp-json\/wp\/v2\/categories?post=140335"},{"taxonomy":"post_tag","embeddable":true,"href":"https:\/\/www.europesays.com\/pt\/wp-json\/wp\/v2\/tags?post=140335"}],"curies":[{"name":"wp","href":"https:\/\/api.w.org\/{rel}","templated":true}]}}