{"id":140360,"date":"2025-11-05T11:08:32","date_gmt":"2025-11-05T11:08:32","guid":{"rendered":"https:\/\/www.europesays.com\/pt\/140360\/"},"modified":"2025-11-05T11:08:32","modified_gmt":"2025-11-05T11:08:32","slug":"e-a-lista-de-lancamentos-de-novembro-de-2025","status":"publish","type":"post","link":"https:\/\/www.europesays.com\/pt\/140360\/","title":{"rendered":"\u00e9 a lista de lan\u00e7amentos de novembro de 2025"},"content":{"rendered":"<p>A lista de lan\u00e7amentos do Prime Video em novembro conta com produ\u00e7\u00f5es que envolvem a\u00e7\u00e3o, terror, com\u00e9dia, suspense e romance. As op\u00e7\u00f5es v\u00e3o de filmes que passaram pelos cinemas neste ano, como A Mulher no Jardim e Fam\u00edlia \u00e0 Prova de Balas, a novas s\u00e9ries, como Desprazer em Te Conhecer e Maldade. Confira a lista com 10 destaques selecionados pela <strong>Tangerina<\/strong>:<\/p>\n<p>1 \u2013 Desprazer em Te Conhecer \u2013 Temporada 1 no Prime Video (3\/11)<\/p>\n<p>Jornalista pol\u00edtica renomada \u00e9 transferida para cobertura de entretenimento e encontra um ator em decl\u00ednio. Entre os bastidores ca\u00f3ticos e momentos inesperados, um romance divertido e cheio de qu\u00edmica surge. Com Lee Jung-jae (de Round 6) e Lim Ji-yeon.<\/p>\n<p>2 -Drop \u2013 Amea\u00e7a An\u00f4nima \u2013 Filme de suspense (5\/11)<\/p>\n<p>O primeiro encontro de uma m\u00e3e vi\u00fava em anos toma um rumo assustador quando ela \u00e9 bombardeada com mensagens amea\u00e7adoras an\u00f4nimas em seu telefone durante um jantar sofisticado.<\/p>\n<p>3 \u2013 Maxton Hall \u2013 O Mundo Entre N\u00f3s \u2013 Temporada 2 (7\/11)<\/p>\n<p>A perspicaz estudante bolsista Ruby testemunha, sem querer, um segredo em Maxton Hall. O arrogante herdeiro milion\u00e1rio James est\u00e1 determinado a silenci\u00e1-la, mas seu confronto acende uma fa\u00edsca inesperada entre eles. Estreia da segunda temporada no Prime Video.<\/p>\n<p>4 \u2013 A Mulher no Jardim \u2013 Filme de terror (8\/11)<\/p>\n<p>Uma mulher misteriosa aparece repetidamente no jardim de uma fam\u00edlia, muitas vezes entregando avisos assustadores e mensagens perturbadoras, fazendo-os questionar sua identidade, motivos e o perigo potencial que ela pode representar.<\/p>\n<p>5 \u2013 Fam\u00edlia Batman \u2013 Temporada 1 no Prime Video (10\/11)<\/p>\n<p>Anima\u00e7\u00e3o que <a href=\"https:\/\/tangerina.uol.com.br\/filmes-series\/batman-nova-serie-prime-video-novembro\/\" target=\"_blank\" rel=\"noreferrer noopener nofollow\">acompanha Batman<\/a>, Alfred e o pequeno Batman em sua vida como uma super fam\u00edlia. S\u00e9rie do Prime Video promete resgatar o esp\u00edrito de uni\u00e3o e deve apostar em rela\u00e7\u00f5es emocionais e engra\u00e7adas.<\/p>\n<p>6 \u2013 Sacramento (11\/11) \u2013 Filme<\/p>\n<p>Rickey (Michael Angarano), um jovem en\u00e9rgico e de esp\u00edrito livre que convence Glenn (Michael Cera), seu amigo de longa data que se estabeleceu na vida dom\u00e9stica, a fazer uma viagem improvisada de Los Angeles a Sacramento.<\/p>\n<p>7 \u2013 Um Dia Fora de Controle \u2013 Filme de com\u00e9dia \u2013 Estreia 12\/11<\/p>\n<p>Brian acaba de ser demitido do emprego. Ele se torna um pai que fica em casa. Ele aceita um convite para jogar de outro pai, que acaba sendo uma bala perdida. Filme do Prime Video com Kevin James e Alan Ritchson.<\/p>\n<p>8 \u2013 Maldade \u2013 Temporada 1 (14\/11) \u2013 S\u00e9rie do Prime Video<\/p>\n<p>Acompanha um jovem que tenta se infiltrar no mundo de uma fam\u00edlia rica para revelar seus segredos. S\u00e9rie com David Duchovny (de Arquivo X e Californication) e Carice van Houten.<\/p>\n<p>9 \u2013 Fuga Fatal \/ Ela Vai de Copiloto (26\/11) \u2013 filme<\/p>\n<p>Uma garota marcada para morrer precisa lutar e roubar para permanecer viva, aprendendo com o homem mais assustador que ela conhece \u2013 seu pai. Uma adapta\u00e7\u00e3o do premiado romance de Jordan Harper. Com Taron Egerton e Ana Sophia Heger.<\/p>\n<p>10 \u2013 Fam\u00edlia \u00e0 Prova de Balas (28\/11) \u2013 filme<\/p>\n<p>Quando um trabalho d\u00e1 terrivelmente errado, um ex-policial e pai de fam\u00edlia que trabalha como capanga da m\u00e1fia tem uma noite para tirar sua fam\u00edlia da cidade. Com Kevin James, Christina Ricci e Luis Guzm\u00e1n.<\/p>\n","protected":false},"excerpt":{"rendered":"A lista de lan\u00e7amentos do Prime Video em novembro conta com produ\u00e7\u00f5es que envolvem a\u00e7\u00e3o, terror, com\u00e9dia, suspense&hellip;\n","protected":false},"author":2,"featured_media":140361,"comment_status":"","ping_status":"","sticky":false,"template":"","format":"standard","meta":{"footnotes":""},"categories":[140],"tags":[937,114,115,147,148,146,32,33,941],"class_list":{"0":"post-140360","1":"post","2":"type-post","3":"status-publish","4":"format-standard","5":"has-post-thumbnail","7":"category-filmes","8":"tag-amazon-prime-video","9":"tag-entertainment","10":"tag-entretenimento","11":"tag-film","12":"tag-filmes","13":"tag-movies","14":"tag-portugal","15":"tag-pt","16":"tag-series"},"share_on_mastodon":{"url":"https:\/\/pubeurope.com\/@pt\/115496780197749658","error":""},"_links":{"self":[{"href":"https:\/\/www.europesays.com\/pt\/wp-json\/wp\/v2\/posts\/140360","targetHints":{"allow":["GET"]}}],"collection":[{"href":"https:\/\/www.europesays.com\/pt\/wp-json\/wp\/v2\/posts"}],"about":[{"href":"https:\/\/www.europesays.com\/pt\/wp-json\/wp\/v2\/types\/post"}],"author":[{"embeddable":true,"href":"https:\/\/www.europesays.com\/pt\/wp-json\/wp\/v2\/users\/2"}],"replies":[{"embeddable":true,"href":"https:\/\/www.europesays.com\/pt\/wp-json\/wp\/v2\/comments?post=140360"}],"version-history":[{"count":0,"href":"https:\/\/www.europesays.com\/pt\/wp-json\/wp\/v2\/posts\/140360\/revisions"}],"wp:featuredmedia":[{"embeddable":true,"href":"https:\/\/www.europesays.com\/pt\/wp-json\/wp\/v2\/media\/140361"}],"wp:attachment":[{"href":"https:\/\/www.europesays.com\/pt\/wp-json\/wp\/v2\/media?parent=140360"}],"wp:term":[{"taxonomy":"category","embeddable":true,"href":"https:\/\/www.europesays.com\/pt\/wp-json\/wp\/v2\/categories?post=140360"},{"taxonomy":"post_tag","embeddable":true,"href":"https:\/\/www.europesays.com\/pt\/wp-json\/wp\/v2\/tags?post=140360"}],"curies":[{"name":"wp","href":"https:\/\/api.w.org\/{rel}","templated":true}]}}