{"id":140373,"date":"2025-11-05T11:17:09","date_gmt":"2025-11-05T11:17:09","guid":{"rendered":"https:\/\/www.europesays.com\/pt\/140373\/"},"modified":"2025-11-05T11:17:09","modified_gmt":"2025-11-05T11:17:09","slug":"caua-reymond-surge-em-primeira-imagem-como-protagonista-de-serie-criada-por-ele-para-o-globoplay","status":"publish","type":"post","link":"https:\/\/www.europesays.com\/pt\/140373\/","title":{"rendered":"Cau\u00e3 Reymond surge em primeira imagem como protagonista de s\u00e9rie criada por ele para o Globoplay"},"content":{"rendered":"\n<p class=\" content-text__container \" data-track-category=\"Link no Texto\" data-track-links=\"\"> Em sua trajet\u00f3ria, ele precisar\u00e1 enfrentar os fantasmas do passado e a rela\u00e7\u00e3o conturbada com o pai (Marcos Frota), um homem pol\u00eamico. <\/p>\n<p class=\" content-text__container \" data-track-category=\"Link no Texto\" data-track-links=\"\"> Os trabalhos come\u00e7aram na segunda-feira (3), sob a dire\u00e7\u00e3o de Bruno Safadi. Thiago Dottori assina o roteiro. A primeira temporada ter\u00e1 oito epis\u00f3dios. Al\u00e9m de atuar, Reymond <a class=\"\" href=\"https:\/\/oglobo.globo.com\/play\/series\/noticia\/2025\/09\/10\/alem-de-criador-e-protagonista-caua-reymond-tera-outra-funcao-em-serie-do-globoplay.ghtml\" rel=\"nofollow noopener\" target=\"_blank\">vai dirigir parte das cenas<\/a>. As grava\u00e7\u00f5es ir\u00e3o at\u00e9 janeiro, no Rio. <\/p>\n","protected":false},"excerpt":{"rendered":"Em sua trajet\u00f3ria, ele precisar\u00e1 enfrentar os fantasmas do passado e a rela\u00e7\u00e3o conturbada com o pai (Marcos&hellip;\n","protected":false},"author":2,"featured_media":140374,"comment_status":"","ping_status":"","sticky":false,"template":"","format":"standard","meta":{"footnotes":""},"categories":[145],"tags":[1244,15397,1939,211,210,114,115,3179,31182,8057,31183,18359,6111,32,33,679,25939,2323,2154],"class_list":{"0":"post-140373","1":"post","2":"type-post","3":"status-publish","4":"format-standard","5":"has-post-thumbnail","7":"category-celebridades","8":"tag-ator","9":"tag-bruna-griphao","10":"tag-caua-reymond","11":"tag-celebridades","12":"tag-celebrities","13":"tag-entertainment","14":"tag-entretenimento","15":"tag-globoplay","16":"tag-juan-paiva","17":"tag-leticia-colin","18":"tag-marcelo-adnet","19":"tag-mauricio-mattar","20":"tag-plataforma-digital-de-streaming-de-videos-e-audios-sob-demanda-do-grupo-globo","21":"tag-portugal","22":"tag-pt","23":"tag-reportagem","24":"tag-rodrigo-lombardi","25":"tag-tv-globo","26":"tag-vale-tudo"},"share_on_mastodon":{"url":"https:\/\/pubeurope.com\/@pt\/115496815349367716","error":""},"_links":{"self":[{"href":"https:\/\/www.europesays.com\/pt\/wp-json\/wp\/v2\/posts\/140373","targetHints":{"allow":["GET"]}}],"collection":[{"href":"https:\/\/www.europesays.com\/pt\/wp-json\/wp\/v2\/posts"}],"about":[{"href":"https:\/\/www.europesays.com\/pt\/wp-json\/wp\/v2\/types\/post"}],"author":[{"embeddable":true,"href":"https:\/\/www.europesays.com\/pt\/wp-json\/wp\/v2\/users\/2"}],"replies":[{"embeddable":true,"href":"https:\/\/www.europesays.com\/pt\/wp-json\/wp\/v2\/comments?post=140373"}],"version-history":[{"count":0,"href":"https:\/\/www.europesays.com\/pt\/wp-json\/wp\/v2\/posts\/140373\/revisions"}],"wp:featuredmedia":[{"embeddable":true,"href":"https:\/\/www.europesays.com\/pt\/wp-json\/wp\/v2\/media\/140374"}],"wp:attachment":[{"href":"https:\/\/www.europesays.com\/pt\/wp-json\/wp\/v2\/media?parent=140373"}],"wp:term":[{"taxonomy":"category","embeddable":true,"href":"https:\/\/www.europesays.com\/pt\/wp-json\/wp\/v2\/categories?post=140373"},{"taxonomy":"post_tag","embeddable":true,"href":"https:\/\/www.europesays.com\/pt\/wp-json\/wp\/v2\/tags?post=140373"}],"curies":[{"name":"wp","href":"https:\/\/api.w.org\/{rel}","templated":true}]}}