{"id":140383,"date":"2025-11-05T11:24:07","date_gmt":"2025-11-05T11:24:07","guid":{"rendered":"https:\/\/www.europesays.com\/pt\/140383\/"},"modified":"2025-11-05T11:24:07","modified_gmt":"2025-11-05T11:24:07","slug":"eis-como-a-microbiota-intestinal-das-criancas-pequenas-pode-afetar-a-sua-saude-mental-na-infancia","status":"publish","type":"post","link":"https:\/\/www.europesays.com\/pt\/140383\/","title":{"rendered":"Eis como a microbiota intestinal das crian\u00e7as pequenas pode afetar a sua sa\u00fade mental na inf\u00e2ncia"},"content":{"rendered":"<p>A sa\u00fade intestinal dos beb\u00e9s pode afetar o risco de desenvolverem problemas de sa\u00fade mental mais tarde na inf\u00e2ncia, sugere um estudo recente.<\/p>\n<p>Os beb\u00e9s de dois anos de idade com <strong>mais bact\u00e9rias intestinais dos grupos Clostridiales e Lachnospiraceae<\/strong> eram mais suscet\u00edveis de sofrer de depress\u00e3o, ansiedade e outros sintomas ditos &#8220;internalizantes&#8221; cinco anos mais tarde, segundo o estudo, publicado na revista <a href=\"https:\/\/www.nature.com\/articles\/s41467-025-64988-6\" target=\"_blank\" rel=\"noreferrer nofollow noopener\"><strong>Nature Communications.<\/strong><\/a><\/p>\n<p>Os investigadores acreditam que a <strong>liga\u00e7\u00e3o pode ser explicada pelo eixo c\u00e9rebro-intestino,<\/strong> ou seja, as liga\u00e7\u00f5es bidirecionais entre o c\u00e9rebro e o intestino que influenciam o humor, o stress, a cogni\u00e7\u00e3o e uma s\u00e9rie de outras fun\u00e7\u00f5es.<\/p>\n<p>Bridget Callaghan, autora s\u00e9nior do estudo e professora associada de Psicologia na Universidade da Calif\u00f3rnia, em Los Angeles, afirmou que os resultados sugerem que as <strong>bact\u00e9rias intestinais precoces podem ajudar a programar os circuitos cerebrais<\/strong> que est\u00e3o ligados \u00e0 sa\u00fade mental e emocional na inf\u00e2ncia.<\/p>\n<p>&#8220;Ao relacionar os padr\u00f5es do microbioma no in\u00edcio de vida com a conectividade cerebral e os sintomas posteriores de ansiedade e depress\u00e3o, o nosso estudo fornece provas precoces de que os <strong>micr\u00f3bios intestinais podem ajudar a moldar a sa\u00fade mental durante os anos cr\u00edticos da idade escolar<\/strong>&#8220;, afirmou Callaghan em comunicado.<\/p>\n<p>Estas s\u00e3o as mais recentes descobertas a esclarecer a forma como a sa\u00fade intestinal afeta o bem-estar geral. O microbioma intestinal &#8211; o ecossistema de bact\u00e9rias e outros organismos min\u00fasculos que vivem no aparelho digestivo &#8211; tem sido associado <strong>ao cancro,<\/strong> <a href=\"https:\/\/pt.euronews.com\/saude\/2025\/08\/13\/nao-consegue-dormir-a-culpa-pode-ser-da-sua-saude-intestinal-segundo-um-estudo\" rel=\"nofollow noopener\" target=\"_blank\"><strong>ins\u00f3nia<\/strong><\/a><strong>, doen\u00e7as card\u00edacas, diabetes tipo 2,<\/strong> <a href=\"https:\/\/pt.euronews.com\/saude\/2025\/09\/11\/como-a-saude-intestinal-das-mulheres-pode-afetar-o-risco-de-parto-prematuro\" rel=\"nofollow noopener\" target=\"_blank\"><strong>parto prematuro<\/strong><\/a>e outros problemas de sa\u00fade, embora os cientistas ainda n\u00e3o saibam exatamente a raz\u00e3o na maioria dos casos.<\/p>\n<p>O \u00faltimo estudo englobou 55 crian\u00e7as em Singapura. Os investigadores recolheram indicadores de sa\u00fade aos <strong>dois, seis e 7,5 anos de idade,<\/strong> incluindo amostras de fezes, exames cerebrais e inqu\u00e9ritos aos cuidadores sobre problemas de comportamento.<\/p>\n<p>Os investigadores <strong>relacionaram os padr\u00f5es cerebrais aos seis anos de idade com os sintomas &#8220;internalizantes&#8221;<\/strong> &#8211; sinais de sofrimento emocional como, por exemplo, ansiedade, depress\u00e3o e retraimento social &#8211; aos 7,5 anos de idade e, em seguida, analisaram os perfis do microbioma intestinal aos dois anos de idade.<\/p>\n<p>Foi assim que identificaram os grupos de bact\u00e9rias Clostridiales e Lachnospiraceae na primeira inf\u00e2ncia como <strong>potencialmente relacionados \u00e0 ansiedade e depress\u00e3o numa fase posterior.<\/strong><\/p>\n<p>Os resultados est\u00e3o de acordo com <a href=\"https:\/\/www.nature.com\/articles\/s41467-022-34502-3\" target=\"_blank\" rel=\"noreferrer nofollow noopener\"><strong>investiga\u00e7\u00f5es anteriores<\/strong><\/a> que demonstram que as bact\u00e9rias destes grupos est\u00e3o associadas a sintomas de depress\u00e3o em adultos.<\/p>\n<p>O estudo tem algumas limita\u00e7\u00f5es, nomeadamente o facto de ter sido realizado numa pequena amostra de crian\u00e7as de Singapura. <strong>Isso significa que as descobertas podem n\u00e3o se aplicar a outros grupos<\/strong>, principalmente porque o microbioma intestinal varia de pessoa para pessoa.<\/p>\n<p>Callaghan afirma que \u00e9 necess\u00e1ria mais investiga\u00e7\u00e3o para determinar se estas bact\u00e9rias est\u00e3o realmente a causar sintomas de sa\u00fade mental na inf\u00e2ncia, mas tamb\u00e9m <strong>para determinar quais as bact\u00e9rias espec\u00edficas que est\u00e3o implicadas.<\/strong><\/p>\n<p>&#8220;Precisamos de descobrir que esp\u00e9cies dentro destes grupos mais abrangentes est\u00e3o a conduzir os resultados&#8221;, disse Callaghan.<\/p>\n<p>&#8220;Quando tivermos essa informa\u00e7\u00e3o, existem formas relativamente simples de alterar o microbioma, como os probi\u00f3ticos ou a dieta, que podemos utilizar para resolver os problemas&#8221;, acrescentou.<\/p>\n","protected":false},"excerpt":{"rendered":"A sa\u00fade intestinal dos beb\u00e9s pode afetar o risco de desenvolverem problemas de sa\u00fade mental mais tarde na&hellip;\n","protected":false},"author":2,"featured_media":140384,"comment_status":"","ping_status":"","sticky":false,"template":"","format":"standard","meta":{"footnotes":""},"categories":[86],"tags":[838,116,32,33,117,1030],"class_list":{"0":"post-140383","1":"post","2":"type-post","3":"status-publish","4":"format-standard","5":"has-post-thumbnail","7":"category-saude","8":"tag-criancas","9":"tag-health","10":"tag-portugal","11":"tag-pt","12":"tag-saude","13":"tag-saude-mental"},"share_on_mastodon":{"url":"https:\/\/pubeurope.com\/@pt\/115496842890012121","error":""},"_links":{"self":[{"href":"https:\/\/www.europesays.com\/pt\/wp-json\/wp\/v2\/posts\/140383","targetHints":{"allow":["GET"]}}],"collection":[{"href":"https:\/\/www.europesays.com\/pt\/wp-json\/wp\/v2\/posts"}],"about":[{"href":"https:\/\/www.europesays.com\/pt\/wp-json\/wp\/v2\/types\/post"}],"author":[{"embeddable":true,"href":"https:\/\/www.europesays.com\/pt\/wp-json\/wp\/v2\/users\/2"}],"replies":[{"embeddable":true,"href":"https:\/\/www.europesays.com\/pt\/wp-json\/wp\/v2\/comments?post=140383"}],"version-history":[{"count":0,"href":"https:\/\/www.europesays.com\/pt\/wp-json\/wp\/v2\/posts\/140383\/revisions"}],"wp:featuredmedia":[{"embeddable":true,"href":"https:\/\/www.europesays.com\/pt\/wp-json\/wp\/v2\/media\/140384"}],"wp:attachment":[{"href":"https:\/\/www.europesays.com\/pt\/wp-json\/wp\/v2\/media?parent=140383"}],"wp:term":[{"taxonomy":"category","embeddable":true,"href":"https:\/\/www.europesays.com\/pt\/wp-json\/wp\/v2\/categories?post=140383"},{"taxonomy":"post_tag","embeddable":true,"href":"https:\/\/www.europesays.com\/pt\/wp-json\/wp\/v2\/tags?post=140383"}],"curies":[{"name":"wp","href":"https:\/\/api.w.org\/{rel}","templated":true}]}}