{"id":140390,"date":"2025-11-05T11:31:20","date_gmt":"2025-11-05T11:31:20","guid":{"rendered":"https:\/\/www.europesays.com\/pt\/140390\/"},"modified":"2025-11-05T11:31:20","modified_gmt":"2025-11-05T11:31:20","slug":"marjorie-estiano-revela-bastidores-de-malhacao-epoca-angustiante","status":"publish","type":"post","link":"https:\/\/www.europesays.com\/pt\/140390\/","title":{"rendered":"Marjorie Estiano revela bastidores de Malha\u00e7\u00e3o: &#8216;\u00c9poca angustiante&#8217;"},"content":{"rendered":"<p><\/p>\n<p class=\"texto\">A atriz Marjorie Estiano revelou que enfrentou um per\u00edodo de grande inseguran\u00e7a durante sua estreia em Malha\u00e7\u00e3o, em 2004, quando deu vida \u00e0 ic\u00f4nica vil\u00e3 Natasha. Na \u00e9poca, ela tamb\u00e9m ganhou destaque como cantora ao interpretar a vocalista da banda fict\u00edcia Vagabanda, respons\u00e1vel por sucessos como Voc\u00ea Sempre Ser\u00e1.<\/p>\n<p class=\"texto\"><strong><a href=\"https:\/\/whatsapp.com\/channel\/0029VaB1U9a002T64ex1Sy2w\" rel=\"nofollow noopener\" target=\"_blank\">Siga o canal do Correio no WhatsApp e receba as principais not\u00edcias do dia no seu celular<\/a><\/strong><\/p>\n<p class=\"texto\">Em entrevista ao programa Sem Censura, a artista contou que aquele momento foi dif\u00edcil. &#8220;Foi uma \u00e9poca angustiante, porque eu n\u00e3o sabia nada sobre atuar. Eu tinha uma cobran\u00e7a muito grande e o ass\u00e9dio me deixava desconfort\u00e1vel&#8221;, admitiu.<\/p>\n<p class=\"texto\">Marjorie tamb\u00e9m comentou que se sentia perdida por estar longe da fam\u00edlia. &#8220;Eu estava sozinha, em outra cidade, e era muito nova. Acho que a gera\u00e7\u00e3o de hoje de 20 anos \u00e9 mais esperta que a da minha \u00e9poca&#8221;, declarou.<\/p>\n<p class=\"texto\">Mesmo reservada, a atriz refletiu sobre a exposi\u00e7\u00e3o nas redes. &#8220;Acho que a quest\u00e3o da exposi\u00e7\u00e3o \u00e9 muito particular. Eu jamais faria tal coisa, [ficar expondo] o filho, a sua intimidade, mas tem gente que faz&#8221;, finalizou.<\/p>\n<ul>\n<li><a href=\"https:\/\/wa.me\/?text=Marjorie+Estiano+revela+bastidores+de+Malha%C3%A7%C3%A3o%3A+%22%C3%89poca+angustiante%22%20https:\/\/www.correiobraziliense.com.br\/diversao-e-arte\/2025\/11\/7285424-marjorie-estiano-revela-bastidores-de-malhacao-epoca-angustiante.html\" target=\"_blank\" title=\"Whatsapp\" aria-label=\"WhatsApp\" rel=\"nofollow noopener\"><\/a><\/li>\n<li><a href=\"https:\/\/www.facebook.com\/sharer.php?u=https:\/\/www.correiobraziliense.com.br%2Fdiversao-e-arte%2F2025%2F11%2F7285424-marjorie-estiano-revela-bastidores-de-malhacao-epoca-angustiante.html&amp;text=Marjorie+Estiano+revela+bastidores+de+Malha%C3%A7%C3%A3o%3A+%22%C3%89poca+angustiante%22\" target=\"_blank\" title=\"Facebook\" aria-label=\"Facebook\" rel=\"nofollow noopener\"><\/a><\/li>\n<li><a href=\"https:\/\/twitter.com\/intent\/tweet?url=https:\/\/www.correiobraziliense.com.br%2Fdiversao-e-arte%2F2025%2F11%2F7285424-marjorie-estiano-revela-bastidores-de-malhacao-epoca-angustiante.html&amp;text=Marjorie+Estiano+revela+bastidores+de+Malha%C3%A7%C3%A3o%3A+%22%C3%89poca+angustiante%22\" target=\"_blank\" title=\"Twitter\" aria-label=\"Twitter\" rel=\"nofollow noopener\"><\/a><\/li>\n<li><a href=\"https:\/\/profile.google.com\/cp\/CgovbS8wNzZ0dms1\" title=\"Google Discover\" target=\"_blank\" aria-label=\"Google Discover\" rel=\"nofollow noopener\"><img decoding=\"async\" src=\"https:\/\/www.europesays.com\/pt\/wp-content\/uploads\/2025\/10\/1761263228_86_google-discover-icon.png\" style=\"height: 25px; margin: 0 !important; margin-left: 3px;\" alt=\"Google Discover Icon\"\/><\/a><\/li>\n<\/ul>\n<p>              <a href=\"https:\/\/www.correiobraziliense.com.br\/autor\/observatorio-dos-famosos\/page\/1\/\" style=\"height: 100%;\" rel=\"nofollow noopener\" target=\"_blank\"><img decoding=\"async\" class=\"hidden-print author-circle d-block h6 mt-0 mb-0 mr-6 text-center\" src=\"https:\/\/www.europesays.com\/pt\/wp-content\/uploads\/2025\/07\/logo_observatorio_dos_famosos-29028262.png\" alt=\"\" width=\"40\" height=\"40\" loading=\"lazy\" style=\"object-fit:cover; width: 40px; height: 40px; margin-right:10px;\"\/><\/a><a href=\"https:\/\/www.correiobraziliense.com.br\/autor\/observatorio-dos-famosos\/page\/1\/\" rel=\"nofollow noopener\" target=\"_blank\"><img decoding=\"async\" class=\"hidden-print author-circle d-block h6 mt-0 mb-0 mr-6 text-center\" src=\"https:\/\/www.europesays.com\/pt\/wp-content\/uploads\/2025\/07\/logo_observatorio_dos_famosos-29028262.png\" alt=\"\" width=\"40\" height=\"40\" loading=\"lazy\" style=\"object-fit:cover; width: 40px; height: 40px; margin-right:10px;\"\/><\/a>Observat\u00f3rio dos Famosos  <strong class=\"entryStrongAuthor\"\/><\/p>\n<p>                          <script async src=\"https:\/\/platform.twitter.com\/widgets.js\" charset=\"utf-8\"><\/script><\/p>\n","protected":false},"excerpt":{"rendered":"A atriz Marjorie Estiano revelou que enfrentou um per\u00edodo de grande inseguran\u00e7a durante sua estreia em Malha\u00e7\u00e3o, em&hellip;\n","protected":false},"author":2,"featured_media":140391,"comment_status":"","ping_status":"","sticky":false,"template":"","format":"standard","meta":{"footnotes":""},"categories":[145],"tags":[813,211,210,114,115,741,2848,32,33],"class_list":{"0":"post-140390","1":"post","2":"type-post","3":"status-publish","4":"format-standard","5":"has-post-thumbnail","7":"category-celebridades","8":"tag-atriz","9":"tag-celebridades","10":"tag-celebrities","11":"tag-entertainment","12":"tag-entretenimento","13":"tag-entrevista","14":"tag-malhacao","15":"tag-portugal","16":"tag-pt"},"share_on_mastodon":{"url":"https:\/\/pubeurope.com\/@pt\/115496870696719947","error":""},"_links":{"self":[{"href":"https:\/\/www.europesays.com\/pt\/wp-json\/wp\/v2\/posts\/140390","targetHints":{"allow":["GET"]}}],"collection":[{"href":"https:\/\/www.europesays.com\/pt\/wp-json\/wp\/v2\/posts"}],"about":[{"href":"https:\/\/www.europesays.com\/pt\/wp-json\/wp\/v2\/types\/post"}],"author":[{"embeddable":true,"href":"https:\/\/www.europesays.com\/pt\/wp-json\/wp\/v2\/users\/2"}],"replies":[{"embeddable":true,"href":"https:\/\/www.europesays.com\/pt\/wp-json\/wp\/v2\/comments?post=140390"}],"version-history":[{"count":0,"href":"https:\/\/www.europesays.com\/pt\/wp-json\/wp\/v2\/posts\/140390\/revisions"}],"wp:featuredmedia":[{"embeddable":true,"href":"https:\/\/www.europesays.com\/pt\/wp-json\/wp\/v2\/media\/140391"}],"wp:attachment":[{"href":"https:\/\/www.europesays.com\/pt\/wp-json\/wp\/v2\/media?parent=140390"}],"wp:term":[{"taxonomy":"category","embeddable":true,"href":"https:\/\/www.europesays.com\/pt\/wp-json\/wp\/v2\/categories?post=140390"},{"taxonomy":"post_tag","embeddable":true,"href":"https:\/\/www.europesays.com\/pt\/wp-json\/wp\/v2\/tags?post=140390"}],"curies":[{"name":"wp","href":"https:\/\/api.w.org\/{rel}","templated":true}]}}