{"id":140394,"date":"2025-11-05T11:34:07","date_gmt":"2025-11-05T11:34:07","guid":{"rendered":"https:\/\/www.europesays.com\/pt\/140394\/"},"modified":"2025-11-05T11:34:07","modified_gmt":"2025-11-05T11:34:07","slug":"vem-ai-em-terra-forte-empresa-de-marcus-provoca-varias-mortes-novelas","status":"publish","type":"post","link":"https:\/\/www.europesays.com\/pt\/140394\/","title":{"rendered":"Vem a\u00ed em \u00abTerra Forte\u00bb: Empresa de Marcus provoca v\u00e1rias mortes &#8211; Novelas"},"content":{"rendered":"<p>Em \u00abTerra Forte\u00bb, Delfina (Elsa Galv\u00e3o) e Rufino (V\u00edtor Norte) continuam sem acreditar no discurso emocionado de <a href=\"https:\/\/tvi.iol.pt\/novelas\/videos\/terra-forte-marcus-tem-um-novo-plano-para-destruir-maria-de-fatima-e-a-acoreana\/68fa5c1f0cf29d28d8298112\" rel=\"nofollow noopener\" target=\"_blank\">Marcus (Vitor Hugo)<\/a>\u00a0a falar das v\u00edtimas provocadas pelas conservas da Komibem. <a href=\"https:\/\/tvi.iol.pt\/novelas\/videos\/terra-forte-maria-de-fatima-ameaca-gloria\/68fa5c280cf29d28d8298113\" rel=\"nofollow noopener\" target=\"_blank\">Gl\u00f3ria (Maria Jo\u00e3o Pinho)<\/a>\u00a0assiste tensa ao discurso. Vivi entra e fica tocada com as palavras do marido.<\/p>\n<p>Delfina e S\u00f3nia (Mafalda Tavares) acusam <a href=\"https:\/\/tvi.iol.pt\/novelas\/videos\/maria-de-fatima-toma-decisao-sobre-vivi-esta-demitida\/68f8e7750cf285ab53a6b259\" rel=\"nofollow noopener\" target=\"_blank\">Vivi (Sofia Nicholson)<\/a> que devia ter vergonha de andar na rua depois do que Marcus fez. Vivi defende-se que sempre levou uma vida honrada e n\u00e3o se vai esconder dos problemas. Gl\u00f3ria conforta Vivi, que est\u00e1 arrasada com o que est\u00e1 a acontecer.<\/p>\n<p>Vini diz a Marcus que o seu discurso vai pelo menos acabar com o falat\u00f3rio, por todos pensarem que ele era um cobarde e andava a fugir aos problemas. Babi (Melissa Matos) entra sem perceber nada do que se est\u00e1 a passar.<\/p>\n<p>Vivi mostra a Gl\u00f3ria o avultado montante que j\u00e1 est\u00e1 a ser pedido a Marcus para indemnizar as fam\u00edlias das v\u00edtimas, faltando ainda nessas contas o dinheiro que vai ser pedido pela SuperLuso. Vivi assente \u00e0 amiga que Marcus ir\u00e1 provavelmente preso, e ela tamb\u00e9m, por ter uma pequena participa\u00e7\u00e3o na Komibem.<\/p>\n<p>De recordar que Marcus tinha um plano para destruir Maria de F\u00e1tima e a sua empresa, mas acabou por ser ao contr\u00e1rio:<\/p>\n","protected":false},"excerpt":{"rendered":"Em \u00abTerra Forte\u00bb, Delfina (Elsa Galv\u00e3o) e Rufino (V\u00edtor Norte) continuam sem acreditar no discurso emocionado de Marcus&hellip;\n","protected":false},"author":2,"featured_media":140395,"comment_status":"","ping_status":"","sticky":false,"template":"","format":"standard","meta":{"footnotes":""},"categories":[142],"tags":[160,166,114,115,157,167,164,29765,3912,161,158,165,159,32,33,156,3086,18614,163,151,162,18743,6094,28302],"class_list":{"0":"post-140394","1":"post","2":"type-post","3":"status-publish","4":"format-standard","5":"has-post-thumbnail","7":"category-tv","8":"tag-ana-guiomar","9":"tag-cristina-ferreira","10":"tag-entertainment","11":"tag-entretenimento","12":"tag-festa-e-festa","13":"tag-ficcao","14":"tag-jose-fidalgo","15":"tag-marcus","16":"tag-mortes","17":"tag-novelas","18":"tag-para-sempre","19":"tag-pedro-sousa","20":"tag-pedro-teixeira","21":"tag-portugal","22":"tag-pt","23":"tag-queridos-papas","24":"tag-sofia-nicholson","25":"tag-terra-forte","26":"tag-tiago-teotonio-pereira","27":"tag-tv","28":"tag-tvi","29":"tag-vitimas","30":"tag-vitor-hugo","31":"tag-vivi"},"share_on_mastodon":{"url":"https:\/\/pubeurope.com\/@pt\/115496882308272167","error":""},"_links":{"self":[{"href":"https:\/\/www.europesays.com\/pt\/wp-json\/wp\/v2\/posts\/140394","targetHints":{"allow":["GET"]}}],"collection":[{"href":"https:\/\/www.europesays.com\/pt\/wp-json\/wp\/v2\/posts"}],"about":[{"href":"https:\/\/www.europesays.com\/pt\/wp-json\/wp\/v2\/types\/post"}],"author":[{"embeddable":true,"href":"https:\/\/www.europesays.com\/pt\/wp-json\/wp\/v2\/users\/2"}],"replies":[{"embeddable":true,"href":"https:\/\/www.europesays.com\/pt\/wp-json\/wp\/v2\/comments?post=140394"}],"version-history":[{"count":0,"href":"https:\/\/www.europesays.com\/pt\/wp-json\/wp\/v2\/posts\/140394\/revisions"}],"wp:featuredmedia":[{"embeddable":true,"href":"https:\/\/www.europesays.com\/pt\/wp-json\/wp\/v2\/media\/140395"}],"wp:attachment":[{"href":"https:\/\/www.europesays.com\/pt\/wp-json\/wp\/v2\/media?parent=140394"}],"wp:term":[{"taxonomy":"category","embeddable":true,"href":"https:\/\/www.europesays.com\/pt\/wp-json\/wp\/v2\/categories?post=140394"},{"taxonomy":"post_tag","embeddable":true,"href":"https:\/\/www.europesays.com\/pt\/wp-json\/wp\/v2\/tags?post=140394"}],"curies":[{"name":"wp","href":"https:\/\/api.w.org\/{rel}","templated":true}]}}