{"id":140410,"date":"2025-11-05T11:48:09","date_gmt":"2025-11-05T11:48:09","guid":{"rendered":"https:\/\/www.europesays.com\/pt\/140410\/"},"modified":"2025-11-05T11:48:09","modified_gmt":"2025-11-05T11:48:09","slug":"hilariante-liliana-leandro-pedro-e-fabio-simulam-a-final-do-secret-story-e-choram-de-tanto-rir-secret-story","status":"publish","type":"post","link":"https:\/\/www.europesays.com\/pt\/140410\/","title":{"rendered":"Hilariante! Liliana, Leandro, Pedro e F\u00e1bio simulam a final do Secret Story e choram de tanto rir &#8211; Secret Story"},"content":{"rendered":"<p>No Secret Story 9, Liliana cria uma encena\u00e7\u00e3o com Leandro em que os dois s\u00e3o os grandes finalistas da edi\u00e7\u00e3o. Pedro e F\u00e1bio n\u00e3o contiveram as gargalhadas. Veja tudo.<\/p>\n<p><strong>H\u00e1 cinco nomeados em risco de sair j\u00e1 no pr\u00f3ximo domingo. VOTE PARA SALVAR:\u00a0<\/strong><\/p>\n<p>ANA CRISTINA \u2013 761 20 20 02<br \/>BRUNO \u2013 761 20 20 04<br \/>IN\u00caS \u2013 761 20 20 10<br \/>PEDRO \u2013 761 20 20 18<br \/>RAQUEL \u2013 761 20 20 22<\/p>\n<p><a href=\"https:\/\/tvi.iol.pt\/secretstory\/aominuto\" rel=\"nofollow noopener\" target=\"_blank\">Acompanhe tudo o que se passa na casa mais vigiada do Pa\u00eds<\/a><\/p>\n","protected":false},"excerpt":{"rendered":"No Secret Story 9, Liliana cria uma encena\u00e7\u00e3o com Leandro em que os dois s\u00e3o os grandes finalistas&hellip;\n","protected":false},"author":2,"featured_media":140411,"comment_status":"","ping_status":"","sticky":false,"template":"","format":"standard","meta":{"footnotes":""},"categories":[142],"tags":[114,115,19082,12397,19016,18800,14646,32,33,151,162,18801],"class_list":{"0":"post-140410","1":"post","2":"type-post","3":"status-publish","4":"format-standard","5":"has-post-thumbnail","7":"category-tv","8":"tag-entertainment","9":"tag-entretenimento","10":"tag-fabio","11":"tag-leandro","12":"tag-liliana","13":"tag-momentos-virais-secret-story","14":"tag-pedro","15":"tag-portugal","16":"tag-pt","17":"tag-tv","18":"tag-tvi","19":"tag-videos-virais-concorrentes"},"share_on_mastodon":{"url":"https:\/\/pubeurope.com\/@pt\/115496937204571596","error":""},"_links":{"self":[{"href":"https:\/\/www.europesays.com\/pt\/wp-json\/wp\/v2\/posts\/140410","targetHints":{"allow":["GET"]}}],"collection":[{"href":"https:\/\/www.europesays.com\/pt\/wp-json\/wp\/v2\/posts"}],"about":[{"href":"https:\/\/www.europesays.com\/pt\/wp-json\/wp\/v2\/types\/post"}],"author":[{"embeddable":true,"href":"https:\/\/www.europesays.com\/pt\/wp-json\/wp\/v2\/users\/2"}],"replies":[{"embeddable":true,"href":"https:\/\/www.europesays.com\/pt\/wp-json\/wp\/v2\/comments?post=140410"}],"version-history":[{"count":0,"href":"https:\/\/www.europesays.com\/pt\/wp-json\/wp\/v2\/posts\/140410\/revisions"}],"wp:featuredmedia":[{"embeddable":true,"href":"https:\/\/www.europesays.com\/pt\/wp-json\/wp\/v2\/media\/140411"}],"wp:attachment":[{"href":"https:\/\/www.europesays.com\/pt\/wp-json\/wp\/v2\/media?parent=140410"}],"wp:term":[{"taxonomy":"category","embeddable":true,"href":"https:\/\/www.europesays.com\/pt\/wp-json\/wp\/v2\/categories?post=140410"},{"taxonomy":"post_tag","embeddable":true,"href":"https:\/\/www.europesays.com\/pt\/wp-json\/wp\/v2\/tags?post=140410"}],"curies":[{"name":"wp","href":"https:\/\/api.w.org\/{rel}","templated":true}]}}