{"id":140414,"date":"2025-11-05T11:55:06","date_gmt":"2025-11-05T11:55:06","guid":{"rendered":"https:\/\/www.europesays.com\/pt\/140414\/"},"modified":"2025-11-05T11:55:06","modified_gmt":"2025-11-05T11:55:06","slug":"sistema-de-deposito-e-reembolso-de-garrafas-comeca-a-10-de-abril-de-2026-residuos","status":"publish","type":"post","link":"https:\/\/www.europesays.com\/pt\/140414\/","title":{"rendered":"Sistema de dep\u00f3sito e reembolso de garrafas come\u00e7a a 10 de Abril de 2026 | Res\u00edduos"},"content":{"rendered":"<p>A ministra do Ambiente e Energia, Maria da Gra\u00e7a Carvalho, anunciou esta ter\u00e7a-feira que o Sistema de Dep\u00f3sito e Reembolso (SDR) vai come\u00e7ar a funcionar a 10 de Abril de 2026\u200b, com 2500 m\u00e1quinas e oito mil postos de recolha manual por todo o pa\u00eds.<\/p>\n<p>A ministra falava ao Parlamento, no \u00e2mbito da aprecia\u00e7\u00e3o na especialidade do Or\u00e7amento do Estado para 2026 (OE2026).<\/p>\n<p>O SDR, tamb\u00e9m conhecido como sistema de dep\u00f3sito com retorno, vai recolher embalagens de bebidas de uso \u00fanico em pl\u00e1stico, alum\u00ednio e a\u00e7o, com volume at\u00e9 tr\u00eas litros.<\/p>\n<p>Estima-se que o sistema aumente significativamente a taxa de recolha destas embalagens e gere uma poupan\u00e7a anual entre 20 e 40 milh\u00f5es de euros em custos de limpeza urbanas, de acordo com a apresenta\u00e7\u00e3o feita pela ministra.<\/p>\n<p>Recolha de biorres\u00edduos<\/p>\n<p>O SDR integra-se no plano TERRA \u2013 Transforma\u00e7\u00e3o Eficiente de Res\u00edduos em Recursos Ambientais, o referencial para a actua\u00e7\u00e3o governativa no dom\u00ednio dos res\u00edduos, estruturado em torno dos pilares da redu\u00e7\u00e3o, reutiliza\u00e7\u00e3o e reciclagem.<\/p>\n<p>A recolha selectiva de biorres\u00edduos \u00e9 outra das prioridades do Plano TERRA, juntamente com a recolha multimaterial e outros fluxos relevantes. O Governo pretende dar um forte impulso \u00e0 recolha selectiva de biorres\u00edduos, incluindo a valoriza\u00e7\u00e3o financeira dos munic\u00edpios com melhores pr\u00e1ticas.<\/p>\n<p>Ali\u00e1s, a campanha nacional de sensibiliza\u00e7\u00e3o ambiental que ser\u00e1 lan\u00e7ada em 2026 ter\u00e1 como enfoque priorit\u00e1rio o aumento da recolha selectiva de biorres\u00edduos.<\/p>\n<p>Aterros &#8220;no limite&#8221;<\/p>\n<p>O objectivo \u00e9 prevenir a produ\u00e7\u00e3o de res\u00edduos e promover a economia circular, procurando inverter a din\u00e2mica de desempenhos insuficientes e refor\u00e7ar o cumprimento das metas comunit\u00e1rias.<\/p>\n<p>O Governo tem reconhecido que a capacidade em aterro est\u00e1 &#8220;no limite&#8221;, com volumes de res\u00edduos a aumentar e capacidade de tratamento escassa.<\/p>\n<p>Entre as prioridades do Plano TERRA est\u00e1 a &#8220;optimiza\u00e7\u00e3o da capacidade dos aterros existentes&#8221;, considerada essencial para gerir a frac\u00e7\u00e3o resto de res\u00edduos. Perante as quest\u00f5es dos deputados, a ministra afirmou que o Governo adopta uma postura &#8220;pragm\u00e1tica&#8221;, reconhecendo que, apesar de o objectivo ser n\u00e3o aumentar o n\u00famero de aterros, &#8220;continuamos a precisar de ter alguns aterros para depositar os res\u00edduos&#8221;<\/p>\n","protected":false},"excerpt":{"rendered":"A ministra do Ambiente e Energia, Maria da Gra\u00e7a Carvalho, anunciou esta ter\u00e7a-feira que o Sistema de Dep\u00f3sito&hellip;\n","protected":false},"author":2,"featured_media":140415,"comment_status":"","ping_status":"","sticky":false,"template":"","format":"standard","meta":{"footnotes":""},"categories":[83],"tags":[785,88,89,90,25342,23591,5818,119,32,33,11566,6267,31189],"class_list":{"0":"post-140414","1":"post","2":"type-post","3":"status-publish","4":"format-standard","5":"has-post-thumbnail","7":"category-empresas","8":"tag-azul","9":"tag-business","10":"tag-economy","11":"tag-empresas","12":"tag-lixo","13":"tag-orcamento-do-estado-2026","14":"tag-plastico","15":"tag-poluicao","16":"tag-portugal","17":"tag-pt","18":"tag-reciclagem","19":"tag-residuos","20":"tag-residuos-urbanos"},"share_on_mastodon":{"url":"https:\/\/pubeurope.com\/@pt\/115496964980398813","error":""},"_links":{"self":[{"href":"https:\/\/www.europesays.com\/pt\/wp-json\/wp\/v2\/posts\/140414","targetHints":{"allow":["GET"]}}],"collection":[{"href":"https:\/\/www.europesays.com\/pt\/wp-json\/wp\/v2\/posts"}],"about":[{"href":"https:\/\/www.europesays.com\/pt\/wp-json\/wp\/v2\/types\/post"}],"author":[{"embeddable":true,"href":"https:\/\/www.europesays.com\/pt\/wp-json\/wp\/v2\/users\/2"}],"replies":[{"embeddable":true,"href":"https:\/\/www.europesays.com\/pt\/wp-json\/wp\/v2\/comments?post=140414"}],"version-history":[{"count":0,"href":"https:\/\/www.europesays.com\/pt\/wp-json\/wp\/v2\/posts\/140414\/revisions"}],"wp:featuredmedia":[{"embeddable":true,"href":"https:\/\/www.europesays.com\/pt\/wp-json\/wp\/v2\/media\/140415"}],"wp:attachment":[{"href":"https:\/\/www.europesays.com\/pt\/wp-json\/wp\/v2\/media?parent=140414"}],"wp:term":[{"taxonomy":"category","embeddable":true,"href":"https:\/\/www.europesays.com\/pt\/wp-json\/wp\/v2\/categories?post=140414"},{"taxonomy":"post_tag","embeddable":true,"href":"https:\/\/www.europesays.com\/pt\/wp-json\/wp\/v2\/tags?post=140414"}],"curies":[{"name":"wp","href":"https:\/\/api.w.org\/{rel}","templated":true}]}}