{"id":140420,"date":"2025-11-05T11:58:16","date_gmt":"2025-11-05T11:58:16","guid":{"rendered":"https:\/\/www.europesays.com\/pt\/140420\/"},"modified":"2025-11-05T11:58:16","modified_gmt":"2025-11-05T11:58:16","slug":"mataram-o-pai-para-proteger-a-mae-e-esconderam-o-corpo-durante-dois-dias","status":"publish","type":"post","link":"https:\/\/www.europesays.com\/pt\/140420\/","title":{"rendered":"Mataram o pai para proteger a m\u00e3e e esconderam o corpo durante dois dias"},"content":{"rendered":"<p data-remotead-prev-elm=\"true\" data-remotead-elm-id=\"inread\">\u00c0 data dos factos, a Pol\u00edcia Judici\u00e1ria comunicou que o crime ocorrera em contexto de alegada viol\u00eancia dom\u00e9stica exercida pela v\u00edtima mortal sobre a mulher.<\/p>\n<p>Agora, o MP explica que, ap\u00f3s uma &#8220;discuss\u00e3o&#8221; entre os pais, os filhos &#8220;agrediram violentamente a v\u00edtima, primeiro com um martelo de borracha e, depois, apertando-lhe o pesco\u00e7o at\u00e9 lhe provocarem a morte&#8221;, enquanto a m\u00e3e assistia &#8220;a tudo sem que nada tenha feito para tentar por cobro \u00e0 conduta dos filhos&#8221;.<\/p>\n<p>Ainda segundo a mesma fonte, os arguidos limparam o local do crime e mantiveram o corpo em casa, sem chamar os meios de socorro e a pol\u00edcia.<\/p>\n<p>S\u00f3 passados quase dois dias \u00e9 que os dois irm\u00e3os se apresentaram no piquete da Pol\u00edcia Judici\u00e1ria para dar conta do que tinha acontecido.<\/p>\n","protected":false},"excerpt":{"rendered":"\u00c0 data dos factos, a Pol\u00edcia Judici\u00e1ria comunicou que o crime ocorrera em contexto de alegada viol\u00eancia dom\u00e9stica&hellip;\n","protected":false},"author":2,"featured_media":140421,"comment_status":"","ping_status":"","sticky":false,"template":"","format":"standard","meta":{"footnotes":""},"categories":[8],"tags":[27,28,15,16,14,603,25,26,797,21,22,12,13,19,20,2445,32,23,24,33,17,18,29,30,31],"class_list":{"0":"post-140420","1":"post","2":"type-post","3":"status-publish","4":"format-standard","5":"has-post-thumbnail","7":"category-principais-noticias","8":"tag-breaking-news","9":"tag-breakingnews","10":"tag-featured-news","11":"tag-featurednews","12":"tag-headlines","13":"tag-justica","14":"tag-latest-news","15":"tag-latestnews","16":"tag-lisboa","17":"tag-main-news","18":"tag-mainnews","19":"tag-news","20":"tag-noticias","21":"tag-noticias-principais","22":"tag-noticiasprincipais","23":"tag-policia-judiciaria","24":"tag-portugal","25":"tag-principais-noticias","26":"tag-principaisnoticias","27":"tag-pt","28":"tag-top-stories","29":"tag-topstories","30":"tag-ultimas","31":"tag-ultimas-noticias","32":"tag-ultimasnoticias"},"share_on_mastodon":{"url":"https:\/\/pubeurope.com\/@pt\/115496976546233705","error":""},"_links":{"self":[{"href":"https:\/\/www.europesays.com\/pt\/wp-json\/wp\/v2\/posts\/140420","targetHints":{"allow":["GET"]}}],"collection":[{"href":"https:\/\/www.europesays.com\/pt\/wp-json\/wp\/v2\/posts"}],"about":[{"href":"https:\/\/www.europesays.com\/pt\/wp-json\/wp\/v2\/types\/post"}],"author":[{"embeddable":true,"href":"https:\/\/www.europesays.com\/pt\/wp-json\/wp\/v2\/users\/2"}],"replies":[{"embeddable":true,"href":"https:\/\/www.europesays.com\/pt\/wp-json\/wp\/v2\/comments?post=140420"}],"version-history":[{"count":0,"href":"https:\/\/www.europesays.com\/pt\/wp-json\/wp\/v2\/posts\/140420\/revisions"}],"wp:featuredmedia":[{"embeddable":true,"href":"https:\/\/www.europesays.com\/pt\/wp-json\/wp\/v2\/media\/140421"}],"wp:attachment":[{"href":"https:\/\/www.europesays.com\/pt\/wp-json\/wp\/v2\/media?parent=140420"}],"wp:term":[{"taxonomy":"category","embeddable":true,"href":"https:\/\/www.europesays.com\/pt\/wp-json\/wp\/v2\/categories?post=140420"},{"taxonomy":"post_tag","embeddable":true,"href":"https:\/\/www.europesays.com\/pt\/wp-json\/wp\/v2\/tags?post=140420"}],"curies":[{"name":"wp","href":"https:\/\/api.w.org\/{rel}","templated":true}]}}