{"id":140424,"date":"2025-11-05T12:06:07","date_gmt":"2025-11-05T12:06:07","guid":{"rendered":"https:\/\/www.europesays.com\/pt\/140424\/"},"modified":"2025-11-05T12:06:07","modified_gmt":"2025-11-05T12:06:07","slug":"estudo-reforca-beneficios-de-vacinas-contra-covid-em-criancas-e-adolescentes","status":"publish","type":"post","link":"https:\/\/www.europesays.com\/pt\/140424\/","title":{"rendered":"Estudo refor\u00e7a benef\u00edcios de vacinas contra covid em crian\u00e7as e adolescentes"},"content":{"rendered":"<p>A vacina\u00e7\u00e3o contra a covid-19 em crian\u00e7as e adolescentes \u00e9 uma boa medida de sa\u00fade p\u00fablica, conclui um estudo publicado nesta quarta-feira (5), que constatou que os pacientes jovens enfrentam um risco maior de desenvolver problemas ap\u00f3s uma infec\u00e7\u00e3o do que efeitos colaterais ap\u00f3s a vacina.<\/p>\n<p>Em pessoas menores de 18 anos, &#8220;uma primeira infec\u00e7\u00e3o por covid est\u00e1 associada a riscos pouco frequentes, mas graves, para a sa\u00fade, que persistem por v\u00e1rios meses&#8221;, afirma o estudo publicado na revista &#8216;The Lancet Child &amp; Adolescent Health&#8217; e elaborado com base em dados retrospectivos de milh\u00f5es de pacientes jovens brit\u00e2nicos entre 2020 e 2022.<\/p>\n<p>Por sua vez, &#8220;os riscos observados ap\u00f3s uma primeira vacina\u00e7\u00e3o se limitam ao per\u00edodo imediatamente posterior \u00e0 mesma e s\u00e3o significativamente menores do que ap\u00f3s uma infec\u00e7\u00e3o por SARS-CoV-2&#8221;, acrescentam os autores, que abordaram especificamente o imunizante da Pfizer.<\/p>\n<p>A pesquisa fornece elementos de resposta a uma quest\u00e3o especialmente delicada desde o in\u00edcio da pandemia de coronav\u00edrus, em 2020, sobre a necessidade ou n\u00e3o de vacinar os mais jovens. Neste tipo de popula\u00e7\u00e3o, os riscos associados \u00e0 infec\u00e7\u00e3o por SARS-CoV-2 parecem muito menores do que nas pessoas com idade avan\u00e7ada.<\/p>\n<p>As vacinas com tecnologia baseada no RNA mensageiro &#8211; a da Pfizer e a da Moderna, que agora est\u00e1 praticamente fora de uso &#8211; podem, em casos muito raros, provocar problemas card\u00edacos.<\/p>\n<p>Mas, segundo o estudo publicado nesta quarta-feira, os riscos card\u00edacos de uma infec\u00e7\u00e3o por covid superam por ampla margem, mesmo nos jovens, os relacionados \u00e0 vacina da Pfizer. Os pesquisadores mencionam entre as complica\u00e7\u00f5es &#8220;tromboembolismo, trombocitopenia, miocardite e pericardite&#8221;.<\/p>\n<p>Os resultados &#8220;refor\u00e7am a ideia de que manter a vacina\u00e7\u00e3o em crian\u00e7as e jovens \u00e9 uma medida eficaz de sa\u00fade p\u00fablica&#8221;, concluem os autores.<\/p>\n<p>No estudo, embora os autores tenham conseguido avaliar as consequ\u00eancias de uma infec\u00e7\u00e3o em todos os menores de 18 anos, eles analisaram apenas os efeitos da vacina\u00e7\u00e3o em indiv\u00edduos de 5 a 18 anos, j\u00e1 que a administra\u00e7\u00e3o de vacinas contra a covid \u00e9 rara em crian\u00e7as muito pequenas.<\/p>\n<p>As conclus\u00f5es &#8220;fazem refer\u00eancia \u00e0s cepas de covid que circulavam naquele momento e n\u00e3o \u00e0s menos perigosas que circulam atualmente&#8221;, destacou o pediatra Adam Finn, sem rela\u00e7\u00e3o com o estudo, em uma rea\u00e7\u00e3o ao Science Media Center brit\u00e2nico.<\/p>\n","protected":false},"excerpt":{"rendered":"A vacina\u00e7\u00e3o contra a covid-19 em crian\u00e7as e adolescentes \u00e9 uma boa medida de sa\u00fade p\u00fablica, conclui um&hellip;\n","protected":false},"author":2,"featured_media":140425,"comment_status":"","ping_status":"","sticky":false,"template":"","format":"standard","meta":{"footnotes":""},"categories":[86],"tags":[1932,208,116,62,32,33,117],"class_list":{"0":"post-140424","1":"post","2":"type-post","3":"status-publish","4":"format-standard","5":"has-post-thumbnail","7":"category-saude","8":"tag-afp","9":"tag-franca","10":"tag-health","11":"tag-mundo","12":"tag-portugal","13":"tag-pt","14":"tag-saude"},"share_on_mastodon":{"url":"https:\/\/pubeurope.com\/@pt\/115497008060577187","error":""},"_links":{"self":[{"href":"https:\/\/www.europesays.com\/pt\/wp-json\/wp\/v2\/posts\/140424","targetHints":{"allow":["GET"]}}],"collection":[{"href":"https:\/\/www.europesays.com\/pt\/wp-json\/wp\/v2\/posts"}],"about":[{"href":"https:\/\/www.europesays.com\/pt\/wp-json\/wp\/v2\/types\/post"}],"author":[{"embeddable":true,"href":"https:\/\/www.europesays.com\/pt\/wp-json\/wp\/v2\/users\/2"}],"replies":[{"embeddable":true,"href":"https:\/\/www.europesays.com\/pt\/wp-json\/wp\/v2\/comments?post=140424"}],"version-history":[{"count":0,"href":"https:\/\/www.europesays.com\/pt\/wp-json\/wp\/v2\/posts\/140424\/revisions"}],"wp:featuredmedia":[{"embeddable":true,"href":"https:\/\/www.europesays.com\/pt\/wp-json\/wp\/v2\/media\/140425"}],"wp:attachment":[{"href":"https:\/\/www.europesays.com\/pt\/wp-json\/wp\/v2\/media?parent=140424"}],"wp:term":[{"taxonomy":"category","embeddable":true,"href":"https:\/\/www.europesays.com\/pt\/wp-json\/wp\/v2\/categories?post=140424"},{"taxonomy":"post_tag","embeddable":true,"href":"https:\/\/www.europesays.com\/pt\/wp-json\/wp\/v2\/tags?post=140424"}],"curies":[{"name":"wp","href":"https:\/\/api.w.org\/{rel}","templated":true}]}}