{"id":140454,"date":"2025-11-05T12:30:15","date_gmt":"2025-11-05T12:30:15","guid":{"rendered":"https:\/\/www.europesays.com\/pt\/140454\/"},"modified":"2025-11-05T12:30:15","modified_gmt":"2025-11-05T12:30:15","slug":"reveladas-imagens-da-reconciliacao-de-pedro-jorge-e-marisa","status":"publish","type":"post","link":"https:\/\/www.europesays.com\/pt\/140454\/","title":{"rendered":"Reveladas imagens da &#8220;reconcilia\u00e7\u00e3o&#8221; de Pedro Jorge e Marisa"},"content":{"rendered":"<p>\t\t\t\t\t\t\t\t\t\t\t\t\t\tA rela\u00e7\u00e3o de Pedro Jorge e Marisa tem sido testada ao limite na \u201cCasa dos Segredos 9\u201d.<\/p>\n<p>Os dois concorrentes escondem segredos que os unem, como casal com dois filhos em comum, e os ci\u00fames t\u00eam sido um motor de fortes discuss\u00f5es.<\/p>\n<p>Depois de uma acesa discuss\u00e3o que culminou numa troca acesa de acusa\u00e7\u00f5es e insultos, Pedro Jorge e Marisa tiveram direito a um almo\u00e7o secreto, proposto pela Voz.<\/p>\n<p>Durante a refei\u00e7\u00e3o, ambos reconheceram que n\u00e3o se rev\u00eam nas imagens e n\u00e3o entendem como conseguem proferir certos insultos um ao outro.<\/p>\n<p>Ao som da m\u00fasica \u201cCasa\u201d, de Fernando Daniel, os dois concorrentes recordaram os filhos, deram as m\u00e3os e pediram desculpa um ao outro.<\/p>\n<p><strong>\u201cEu tento pensar naquilo que tenho dito e pensar se sou mesmo isto. N\u00e3o sei como \u00e9 que consigo dizer isto com a frieza que demonstro. Eu fiz tudo o que tenho feito por meras quest\u00f5es de jogo e o jogo n\u00e3o vale tudo. H\u00e1 um tempo para tudo e o momento de parar esse tipo de jogo \u00e9 hoje. Vou ser mais eu e mostrar o que sinto por ti. Se isso colocar \u00e0 tona o nosso segredo, tudo bem\u201d<\/strong> \u2013 garantiu Pedro Jorge.<\/p>\n<p>Logo ap\u00f3s, Pedro Jorge prop\u00f4s uma dan\u00e7a e os dois acabaram aos beijos, abra\u00e7os e l\u00e1grimas profundas.<\/p>\n<p><strong>\u201cMas podemos jogar \u00e0 mesma, eu adoro o jogo que tu fazes, eu n\u00e3o tenho capacidade e orgulho-me bu\u00e9 do jogo que fazes. O que eu estava a dizer que s\u00f3 sentia raiva, foi das imagens que eu vi que a mim mais me custou e disse isso, porque eu amo-te, n\u00e3o sinto nada raiva de ti. Fiquei triste\u201d<\/strong> \u2013 explicou Marisa.<\/p>\n<p>Pedro Jorge e Marisa terminaram com uma bonita declara\u00e7\u00e3o de amor: <strong>\u201cDe todo eu algum dia quis dizer aquilo que eu disse. Tu sabes, eu amo-te. Quero ficar contigo para sempre\u201d<\/strong>, rematou a concorrente.<\/p>\n<p><a href=\"https:\/\/tvi.iol.pt\/secretstory\/videos\/novamente-aos-beijos-o-almoco-secreto-de-pedro-jorge-e-marisa-que-ninguem-viu\/690a74280cf28fe430485502\" rel=\"nofollow noopener\" target=\"_blank\">Veja aqui o momento.<\/a><\/p>\n","protected":false},"excerpt":{"rendered":"A rela\u00e7\u00e3o de Pedro Jorge e Marisa tem sido testada ao limite na \u201cCasa dos Segredos 9\u201d. Os&hellip;\n","protected":false},"author":2,"featured_media":140455,"comment_status":"","ping_status":"","sticky":false,"template":"","format":"standard","meta":{"footnotes":""},"categories":[142],"tags":[31194,2632,1661,114,115,19184,31195,21416,32,33,151],"class_list":{"0":"post-140454","1":"post","2":"type-post","3":"status-publish","4":"format-standard","5":"has-post-thumbnail","7":"category-tv","8":"tag-almou00e7o","9":"tag-casa-dos-segredos","10":"tag-destaque","11":"tag-entertainment","12":"tag-entretenimento","13":"tag-marisa","14":"tag-pazes","15":"tag-pedro-jorge","16":"tag-portugal","17":"tag-pt","18":"tag-tv"},"share_on_mastodon":{"url":"https:\/\/pubeurope.com\/@pt\/115497102388841145","error":""},"_links":{"self":[{"href":"https:\/\/www.europesays.com\/pt\/wp-json\/wp\/v2\/posts\/140454","targetHints":{"allow":["GET"]}}],"collection":[{"href":"https:\/\/www.europesays.com\/pt\/wp-json\/wp\/v2\/posts"}],"about":[{"href":"https:\/\/www.europesays.com\/pt\/wp-json\/wp\/v2\/types\/post"}],"author":[{"embeddable":true,"href":"https:\/\/www.europesays.com\/pt\/wp-json\/wp\/v2\/users\/2"}],"replies":[{"embeddable":true,"href":"https:\/\/www.europesays.com\/pt\/wp-json\/wp\/v2\/comments?post=140454"}],"version-history":[{"count":0,"href":"https:\/\/www.europesays.com\/pt\/wp-json\/wp\/v2\/posts\/140454\/revisions"}],"wp:featuredmedia":[{"embeddable":true,"href":"https:\/\/www.europesays.com\/pt\/wp-json\/wp\/v2\/media\/140455"}],"wp:attachment":[{"href":"https:\/\/www.europesays.com\/pt\/wp-json\/wp\/v2\/media?parent=140454"}],"wp:term":[{"taxonomy":"category","embeddable":true,"href":"https:\/\/www.europesays.com\/pt\/wp-json\/wp\/v2\/categories?post=140454"},{"taxonomy":"post_tag","embeddable":true,"href":"https:\/\/www.europesays.com\/pt\/wp-json\/wp\/v2\/tags?post=140454"}],"curies":[{"name":"wp","href":"https:\/\/api.w.org\/{rel}","templated":true}]}}