{"id":140460,"date":"2025-11-05T12:37:12","date_gmt":"2025-11-05T12:37:12","guid":{"rendered":"https:\/\/www.europesays.com\/pt\/140460\/"},"modified":"2025-11-05T12:37:12","modified_gmt":"2025-11-05T12:37:12","slug":"panico-virou-milagre-quando-maria-joao-pires-mudou-de-mozart-em-segundos-ao-vivo","status":"publish","type":"post","link":"https:\/\/www.europesays.com\/pt\/140460\/","title":{"rendered":"P\u00e2nico virou milagre: quando Maria Jo\u00e3o Pires mudou de Mozart em segundos ao vivo"},"content":{"rendered":"<p class=\"wp-caption-text top\"><a href=\"https:\/\/www.flickr.com\/photos\/casamerica\/21300551580\/sizes\/l\/\" rel=\"nofollow external noopener noreferrer\" data-wpel-link=\"external\" target=\"_blank\" class=\"ext-link\">casamerica \/ Flickr<\/a><\/p>\n<p><img decoding=\"async\" loading=\"lazy\" class=\"wp-image-429590 size-kopa-image-size-3\" src=\"https:\/\/www.europesays.com\/pt\/wp-content\/uploads\/2025\/11\/0f93db1c43082912eaa96c3744f525fb-783x450.jpg\" alt=\"\" width=\"700\" height=\"402\"  \/><\/p>\n<p class=\"wp-caption-text bot\">A pianista Maria Jo\u00e3o Pires<\/p>\n<p><strong>Momento arrepiante em palco aconteceu h\u00e1 26 anos. <\/strong><strong>\u201cQuando aceitas algo, parece um milagre\u201d. <\/strong><strong>Maria Jo\u00e3o Pires despediu-se do piano, aos 81 anos.<\/strong><\/p>\n<p>\u201cTenho a certeza que consegues, conhece-lo t\u00e3o bem!\u201d. Em palco, de batuta na m\u00e3o e de sorriso na cara, o maestro milan\u00eas Riccardo Chailly referia-se ao Concerto n.\u00ba 20 de Mozart. A sua postura descontra\u00edda contrastava, e muito, com a mais conceituada pianista portuguesa que, sentada a seu lado, estava visivelmente apavorada.<\/p>\n<p>Aqueles breves segundos de 1999, em Amesterd\u00e3o, ficariam para a hist\u00f3ria. Enquanto a orquestra preparava a sua entrada, <strong>Maria Jo\u00e3o Pires<\/strong> apercebia-se j\u00e1 em palco, em frente a duas mil pessoas, que se tinha preparado para tocar uma composi\u00e7\u00e3o diferente.<\/p>\n<p>Num momento digno de filme, o transe musical parecia fogo a consumir a pianista, que aos 81 anos <a href=\"https:\/\/zap.aeiou.pt\/maria-joao-pires-anuncia-fim-da-carreira-709201\" data-wpel-link=\"internal\" rel=\"nofollow noopener\" target=\"_blank\">anunciou<\/a>, este s\u00e1bado, ter afastado as m\u00e3os do piano de vez.<\/p>\n<p>\u201cDeixei tudo em casa, n\u00e3o trouxe nada comigo!\u201d, respondeu ao maestro milan\u00eas, em palco, uma Maria Jo\u00e3o Pires apanhada de surpresa. Claramente em choque, a pianista ainda olha para baixo e parece entrar em conflito consigo mesma, como quem pensa: \u2018consigo ou n\u00e3o fazer isto?\u2019. Um calmo Chailly garante que sim. Depois de visionar em segundos tudo o que podia correr mal, Maria Jo\u00e3o Pires diz, com um \u2018sorriso amarelo\u2019: <strong>\u201cvou tentar\u201d<\/strong>.<\/p>\n<p>O s\u00fabito sil\u00eancio da orquestra dita a entrada apavorada dos dedos de Maria Jo\u00e3o Pires em cena. O piano entra sozinho, totalmente exposto naquele momento improvisado e, quase como se a composi\u00e7\u00e3o de Wolfgang tivesse sido criada para aquele momento de terror, a vontade venceu o medo:<\/p>\n<p>\u201c<strong>Ela ficou chocada<\/strong>, porque estava \u00e0 espera que toc\u00e1ssemos outro Concerto\u201d, recordou mais tarde Riccardo Chailly.<\/p>\n<p>\u201cQuando comecei o primeiro compasso em r\u00e9 menor, ela saltou e entrou em p\u00e2nico, como se tivesse levado um choque el\u00e9trico. O milagre foi que ela tem uma mem\u00f3ria t\u00e3o boa que conseguiu, dentro de um minuto, mudar para um novo Concerto <strong>sem cometer um \u00fanico erro<\/strong>\u201c, lembrou o maestro.<\/p>\n<p>\u201cHouve um mal-entendido\u201d<\/p>\n<p>Anos mais tarde, a pianista adiantou que, na verdade, estava a substituir outro artista naquela noite.<\/p>\n<p>\u201cLigaram-me na noite anterior a perguntar se podia ir tocar. Houve um mal-entendido. Percebi 488 [KV 488, o Concerto No. 23 de Mozart], mas era para tocar o 466 [o Concerto No. 20]\u201d, explicou, em entrevista \u00e0 <a href=\"https:\/\/www.youtube.com\/watch?v=UXbVDI0LhRM\" data-wpel-link=\"external\" target=\"_blank\" rel=\"nofollow external noopener noreferrer\" class=\"ext-link\">Classic FM<\/a>.<\/p>\n<p>\u201cO 488 eu tinha tocado umas semanas antes, ent\u00e3o lembrava-me muito bem; o 466 eu tinha tocado a \u00faltima vez uns 10 ou 11 meses antes, ent\u00e3o j\u00e1 me tinha esquecido. \u00c9 assim que a mem\u00f3ria funciona (\u2026) \u201cn\u00e3o tive um ataque de p\u00e2nico, mas foi muito assustador\u201d, reviveu, confessando no entanto que o momento t\u00e3o apreciado \u201cn\u00e3o foi um highlight\u201d da sua carreira. Recorda-o apenas como um \u201cevento engra\u00e7ado\u201d. O grande segredo da pianista, naquele momento? \u201c<strong>Aceita\u00e7\u00e3o<\/strong>\u201c.<\/p>\n<p>\u201cQuando aceitas algo, <strong>parece um milagre<\/strong>, as coisas voltam a ti\u201d, disse, na mesma entrevista.<\/p>\n<p>Maria Jo\u00e3o Pires <a href=\"https:\/\/zap.aeiou.pt\/maria-joao-pires-anuncia-fim-da-carreira-709201\" data-wpel-link=\"internal\" rel=\"nofollow noopener\" target=\"_blank\">despediu-se<\/a> este fim-de-semana do piano. <strong>\u201cEu j\u00e1 n\u00e3o sou pianista\u201d<\/strong>, disse, em entrevista \u00e0 Renascen\u00e7a.<\/p>\n<p style=\"padding-left: 25px; margin-bottom: 10; font-family: Roboto, Arial, Helvetica, sans-serif; font-size: 15px\">&#13;<br \/>\n        Tom\u00e1s Guimar\u00e3es, ZAP \/\/ <a href=\"\" data-wpel-link=\"internal\"\/>&#13;\n    <\/p>\n<p>    <a href=\"https:\/\/zap.aeiou.pt\/subscrever-newsletter\" data-wpel-link=\"internal\" rel=\"nofollow noopener\" target=\"_blank\">&#13;<br \/>\n        <img loading=\"lazy\" decoding=\"async\" class=\"aligncenter size-full wp-image-575475\" src=\"https:\/\/www.europesays.com\/pt\/wp-content\/uploads\/2025\/10\/1759862234_971_2d51fe4a0ba54894421ead1809309ed9-1-450x140.jpg\" alt=\"Subscreva a Newsletter ZAP\" width=\"450\" height=\"140\"\/>&#13;<br \/>\n    <\/a><\/p>\n<p>                <a href=\"https:\/\/whatsapp.com\/channel\/0029VaIC4EE2f3EJZPPSbR34\" data-wpel-link=\"external\" target=\"_blank\" rel=\"nofollow external noopener noreferrer\" class=\"ext-link\">&#13;<br \/>\n                    <img loading=\"lazy\" decoding=\"async\" class=\"aligncenter size-full wp-image-575475\" src=\"https:\/\/www.europesays.com\/pt\/wp-content\/uploads\/2025\/10\/1759862234_512_c68c559d956d4ca20f435ed74a6e71e6.png\" alt=\"Siga-nos no WhatsApp\" width=\"175\" height=\"64\"\/>&#13;<br \/>\n                <\/a><\/p>\n<p>                <a href=\"https:\/\/news.google.com\/publications\/CAAiEHRwZondIV71PDjWNoqMduEqFAgKIhB0cGaJ3SFe9Tw41jaKjHbh?hl=en-US&amp;gl=US&amp;ceid=US%3Aen\" data-wpel-link=\"external\" target=\"_blank\" rel=\"nofollow external noopener noreferrer\" class=\"ext-link\">&#13;<br \/>\n                    <img loading=\"lazy\" decoding=\"async\" class=\"aligncenter size-full wp-image-575475\" src=\"https:\/\/www.europesays.com\/pt\/wp-content\/uploads\/2025\/10\/1759862235_242_5123dd8b087b644fdb8f8603acd1bad4.png\" alt=\"Siga-nos no Google News\" width=\"176\" height=\"64\"\/>&#13;<br \/>\n                <\/a><\/p>\n","protected":false},"excerpt":{"rendered":"casamerica \/ Flickr A pianista Maria Jo\u00e3o Pires Momento arrepiante em palco aconteceu h\u00e1 26 anos. \u201cQuando aceitas&hellip;\n","protected":false},"author":2,"featured_media":140461,"comment_status":"","ping_status":"","sticky":false,"template":"","format":"standard","meta":{"footnotes":""},"categories":[85],"tags":[207,315,114,115,150,32,33],"class_list":{"0":"post-140460","1":"post","2":"type-post","3":"status-publish","4":"format-standard","5":"has-post-thumbnail","7":"category-entretenimento","8":"tag-arte","9":"tag-cultura","10":"tag-entertainment","11":"tag-entretenimento","12":"tag-musica","13":"tag-portugal","14":"tag-pt"},"share_on_mastodon":{"url":"https:\/\/pubeurope.com\/@pt\/115497130171290290","error":""},"_links":{"self":[{"href":"https:\/\/www.europesays.com\/pt\/wp-json\/wp\/v2\/posts\/140460","targetHints":{"allow":["GET"]}}],"collection":[{"href":"https:\/\/www.europesays.com\/pt\/wp-json\/wp\/v2\/posts"}],"about":[{"href":"https:\/\/www.europesays.com\/pt\/wp-json\/wp\/v2\/types\/post"}],"author":[{"embeddable":true,"href":"https:\/\/www.europesays.com\/pt\/wp-json\/wp\/v2\/users\/2"}],"replies":[{"embeddable":true,"href":"https:\/\/www.europesays.com\/pt\/wp-json\/wp\/v2\/comments?post=140460"}],"version-history":[{"count":0,"href":"https:\/\/www.europesays.com\/pt\/wp-json\/wp\/v2\/posts\/140460\/revisions"}],"wp:featuredmedia":[{"embeddable":true,"href":"https:\/\/www.europesays.com\/pt\/wp-json\/wp\/v2\/media\/140461"}],"wp:attachment":[{"href":"https:\/\/www.europesays.com\/pt\/wp-json\/wp\/v2\/media?parent=140460"}],"wp:term":[{"taxonomy":"category","embeddable":true,"href":"https:\/\/www.europesays.com\/pt\/wp-json\/wp\/v2\/categories?post=140460"},{"taxonomy":"post_tag","embeddable":true,"href":"https:\/\/www.europesays.com\/pt\/wp-json\/wp\/v2\/tags?post=140460"}],"curies":[{"name":"wp","href":"https:\/\/api.w.org\/{rel}","templated":true}]}}