{"id":140462,"date":"2025-11-05T12:41:10","date_gmt":"2025-11-05T12:41:10","guid":{"rendered":"https:\/\/www.europesays.com\/pt\/140462\/"},"modified":"2025-11-05T12:41:10","modified_gmt":"2025-11-05T12:41:10","slug":"ha-uma-novidade-na-app-saiba-o-que-e","status":"publish","type":"post","link":"https:\/\/www.europesays.com\/pt\/140462\/","title":{"rendered":"h\u00e1 uma novidade na app! Saiba o que \u00e9"},"content":{"rendered":"<p>O Pplware tem acompanhado de perto toda a evolu\u00e7\u00e3o dos servi\u00e7os da Seguran\u00e7a Social. As novidades t\u00eam sido muitas nos \u00faltimos tempos e agora h\u00e1 mais uma na app da Seguran\u00e7a Social. Saiba o que \u00e9.<\/p>\n<p><a target=\"_blank\" href=\"https:\/\/pplware.sapo.pt\/wp-content\/uploads\/2025\/07\/seguranca_social.jpg\" onclick=\"refreshIframe()\" class=\"foobox\" rel=\"nofollow noopener\"><img fetchpriority=\"high\" decoding=\"async\" src=\"https:\/\/www.europesays.com\/pt\/wp-content\/uploads\/2025\/10\/seguranca_social-720x405.jpg\" alt=\"Seguran\u00e7a Social: h\u00e1 uma novidade na app! Saiba o que \u00e9\" width=\"720\" height=\"405\" class=\"aligncenter wp-image-1070239 size-medium\"  \/><\/a><\/p>\n<p>Por uma Seguran\u00e7a Social mais acess\u00edvel a todos, a App da Seguran\u00e7a Social est\u00e1 agora dispon\u00edvel em vers\u00e3o bilingue (portugu\u00eas e ingl\u00eas).<\/p>\n<p>Esta mudan\u00e7a traduz-se em:<\/p>\n<ul>\n<li>Mais facilidade de utiliza\u00e7\u00e3o para todos os cidad\u00e3os, incluindo a comunidade internacional residente em Portugal<\/li>\n<li>Mais inclus\u00e3o no acesso \u00e0 sua informa\u00e7\u00e3o da Seguran\u00e7a Social.<\/li>\n<\/ul>\n<p>Para ter a app em ingl\u00eas, deve ir \u00e0 App, clicar em \u201c<strong>Menu<\/strong>\u201d e de seguida em \u201c<strong>Defini\u00e7\u00f5es<\/strong>\u201d. Depois \u00e9 s\u00f3 escolher o idioma.<\/p>\n<p><a target=\"_blank\" href=\"https:\/\/pplware.sapo.pt\/wp-content\/uploads\/2025\/11\/576938509_1340396894792013_4121203992093371391_n.jpg\" onclick=\"refreshIframe()\" class=\"foobox\" rel=\"nofollow noopener\"><img loading=\"lazy\" decoding=\"async\" src=\"https:\/\/www.europesays.com\/pt\/wp-content\/uploads\/2025\/11\/576938509_1340396894792013_4121203992093371391_n-720x360.jpg\" alt=\"Seguran\u00e7a Social: h\u00e1 uma novidade na app! Saiba o que \u00e9\" width=\"720\" height=\"360\" class=\"aligncenter wp-image-1086829 size-medium\"  \/><\/a><\/p>\n<p>De referir tamb\u00e9m que a\u00a0app passou a incluir um chat\/assistente virtual que ajuda a esclarecer d\u00favidas sobre os v\u00e1rios apoios sociais: abono de fam\u00edlia, subs\u00eddio parental, desemprego, doen\u00e7a, Rendimento Social de Inser\u00e7\u00e3o, Complemento Solid\u00e1rio para Idosos, e mais.<\/p>\n<p>Tamb\u00e9m j\u00e1 \u00e9 poss\u00edvel efetuar pagamentos \u00e0 Seguran\u00e7a Social atrav\u00e9s da funcionalidade MB Way diretamente na app oficial.<\/p>\n","protected":false},"excerpt":{"rendered":"O Pplware tem acompanhado de perto toda a evolu\u00e7\u00e3o dos servi\u00e7os da Seguran\u00e7a Social. As novidades t\u00eam sido&hellip;\n","protected":false},"author":2,"featured_media":99852,"comment_status":"","ping_status":"","sticky":false,"template":"","format":"standard","meta":{"footnotes":""},"categories":[83],"tags":[3877,88,89,90,32,33,915],"class_list":{"0":"post-140462","1":"post","2":"type-post","3":"status-publish","4":"format-standard","5":"has-post-thumbnail","7":"category-empresas","8":"tag-app","9":"tag-business","10":"tag-economy","11":"tag-empresas","12":"tag-portugal","13":"tag-pt","14":"tag-seguranca-social"},"share_on_mastodon":{"url":"https:\/\/pubeurope.com\/@pt\/115497146220991287","error":""},"_links":{"self":[{"href":"https:\/\/www.europesays.com\/pt\/wp-json\/wp\/v2\/posts\/140462","targetHints":{"allow":["GET"]}}],"collection":[{"href":"https:\/\/www.europesays.com\/pt\/wp-json\/wp\/v2\/posts"}],"about":[{"href":"https:\/\/www.europesays.com\/pt\/wp-json\/wp\/v2\/types\/post"}],"author":[{"embeddable":true,"href":"https:\/\/www.europesays.com\/pt\/wp-json\/wp\/v2\/users\/2"}],"replies":[{"embeddable":true,"href":"https:\/\/www.europesays.com\/pt\/wp-json\/wp\/v2\/comments?post=140462"}],"version-history":[{"count":0,"href":"https:\/\/www.europesays.com\/pt\/wp-json\/wp\/v2\/posts\/140462\/revisions"}],"wp:featuredmedia":[{"embeddable":true,"href":"https:\/\/www.europesays.com\/pt\/wp-json\/wp\/v2\/media\/99852"}],"wp:attachment":[{"href":"https:\/\/www.europesays.com\/pt\/wp-json\/wp\/v2\/media?parent=140462"}],"wp:term":[{"taxonomy":"category","embeddable":true,"href":"https:\/\/www.europesays.com\/pt\/wp-json\/wp\/v2\/categories?post=140462"},{"taxonomy":"post_tag","embeddable":true,"href":"https:\/\/www.europesays.com\/pt\/wp-json\/wp\/v2\/tags?post=140462"}],"curies":[{"name":"wp","href":"https:\/\/api.w.org\/{rel}","templated":true}]}}