{"id":140509,"date":"2025-11-05T13:22:15","date_gmt":"2025-11-05T13:22:15","guid":{"rendered":"https:\/\/www.europesays.com\/pt\/140509\/"},"modified":"2025-11-05T13:22:15","modified_gmt":"2025-11-05T13:22:15","slug":"uniao-transalpina","status":"publish","type":"post","link":"https:\/\/www.europesays.com\/pt\/140509\/","title":{"rendered":"Uni\u00e3o transalpina"},"content":{"rendered":"<p>Uni\u00e3o transalpina<\/p>\n<p>     &#13; <\/p>\n<p><a aria-label=\"fechar menu\" href=\"#\" class=\"close-nav\"><\/a><\/p>\n<p>  Instale a app RTP Not\u00edcias<\/p>\n<ul class=\"app-icons-buttons\" aria-labelledby=\"cta-install-app\">\n<li>\n    <a target=\"_blank\" title=\"Baixe a aplica\u00e7\u00e3o RTP Not\u00edcias para dispositivos iOS na Apple Store\" href=\"https:\/\/itunes.apple.com\/pt\/app\/rtp\/id449177845\" class=\"d-none d-lg-inline-block\" rel=\"nofollow noopener\"><br \/>\n      <img decoding=\"async\" height=\"40\" src=\"https:\/\/www.europesays.com\/pt\/wp-content\/uploads\/2025\/11\/AppleStore.png\" alt=\"Link para a Apple Store para download da aplica\u00e7\u00e3o iOS\"\/><br \/>\n    <\/a>\n    <\/li>\n<li>\n      <a target=\"_blank\" title=\"Baixe a aplica\u00e7\u00e3o RTP Not\u00edcias para dispositivos Android na Google Play Store\" href=\"https:\/\/play.google.com\/store\/apps\/details?id=pt.rtp.noticias.android\" class=\"d-none d-lg-inline-block\" rel=\"nofollow noopener\"><br \/>\n      <img decoding=\"async\" height=\"40\" src=\"https:\/\/www.europesays.com\/pt\/wp-content\/uploads\/2025\/11\/GooglePlay.png\" alt=\"Link para a Google Play Store para download da aplica\u00e7\u00e3o Android\"\/><br \/>\n    <\/a>\n  <\/li>\n<\/ul>\n<p id=\"follow-us\">SIGA-NOS<\/p>\n","protected":false},"excerpt":{"rendered":"Uni\u00e3o transalpina &#13; Instale a app RTP Not\u00edcias SIGA-NOS\n","protected":false},"author":2,"featured_media":140510,"comment_status":"","ping_status":"","sticky":false,"template":"","format":"standard","meta":{"footnotes":""},"categories":[141],"tags":[114,115,149,150,13,32,33,420,421],"class_list":{"0":"post-140509","1":"post","2":"type-post","3":"status-publish","4":"format-standard","5":"has-post-thumbnail","7":"category-musica","8":"tag-entertainment","9":"tag-entretenimento","10":"tag-music","11":"tag-musica","12":"tag-noticias","13":"tag-portugal","14":"tag-pt","15":"tag-rtp","16":"tag-rtp-noticias"},"share_on_mastodon":{"url":"https:\/\/pubeurope.com\/@pt\/115497307284556774","error":""},"_links":{"self":[{"href":"https:\/\/www.europesays.com\/pt\/wp-json\/wp\/v2\/posts\/140509","targetHints":{"allow":["GET"]}}],"collection":[{"href":"https:\/\/www.europesays.com\/pt\/wp-json\/wp\/v2\/posts"}],"about":[{"href":"https:\/\/www.europesays.com\/pt\/wp-json\/wp\/v2\/types\/post"}],"author":[{"embeddable":true,"href":"https:\/\/www.europesays.com\/pt\/wp-json\/wp\/v2\/users\/2"}],"replies":[{"embeddable":true,"href":"https:\/\/www.europesays.com\/pt\/wp-json\/wp\/v2\/comments?post=140509"}],"version-history":[{"count":0,"href":"https:\/\/www.europesays.com\/pt\/wp-json\/wp\/v2\/posts\/140509\/revisions"}],"wp:featuredmedia":[{"embeddable":true,"href":"https:\/\/www.europesays.com\/pt\/wp-json\/wp\/v2\/media\/140510"}],"wp:attachment":[{"href":"https:\/\/www.europesays.com\/pt\/wp-json\/wp\/v2\/media?parent=140509"}],"wp:term":[{"taxonomy":"category","embeddable":true,"href":"https:\/\/www.europesays.com\/pt\/wp-json\/wp\/v2\/categories?post=140509"},{"taxonomy":"post_tag","embeddable":true,"href":"https:\/\/www.europesays.com\/pt\/wp-json\/wp\/v2\/tags?post=140509"}],"curies":[{"name":"wp","href":"https:\/\/api.w.org\/{rel}","templated":true}]}}