{"id":140516,"date":"2025-11-05T13:26:12","date_gmt":"2025-11-05T13:26:12","guid":{"rendered":"https:\/\/www.europesays.com\/pt\/140516\/"},"modified":"2025-11-05T13:26:12","modified_gmt":"2025-11-05T13:26:12","slug":"o-ateu-que-recusa-a-morte-como-no-cristianismo-observador","status":"publish","type":"post","link":"https:\/\/www.europesays.com\/pt\/140516\/","title":{"rendered":"o ateu que recusa a morte, &#8220;como no cristianismo&#8221; \u2013 Observador"},"content":{"rendered":"<p>Por mais desafiante \u2014 perigoso, at\u00e9 \u2014 que seja caminhar pelas \u00e1guas lodosas do passado e da mem\u00f3ria, tal nunca foi impedimento para Javier Cercas. Ali\u00e1s, foi a calcorrear esses terrenos movedi\u00e7os da hist\u00f3ria recente de Espanha que se tornou num dos mais celebrados romancistas do pa\u00eds vizinho. O sucesso de obras como Soldados de Salamina, Anatomia de um Instante ou O Impostor espelhou n\u00e3o s\u00f3 a coragem em abordar os temas da Guerra Civil Espanhola, do Franquismo e do regime democr\u00e1tico que o sucedeu num titubeante consenso, mas tamb\u00e9m a mestria e a sensibilidade ao faz\u00ea-lo.<\/p>\n<p>O escritor de 63 anos teve, no entanto, de se socorrer de toda essa experi\u00eancia quando, em 2023, partiu do Vaticano uma proposta t\u00e3o in\u00e9dita quanto desconcertante: acompanhar a comitiva do Papa Francisco <a href=\"https:\/\/observador.pt\/especiais\/apos-lisboa-papa-francisco-vai-a-mongolia-um-pais-com-1-500-catolicos-e-os-olhos-da-russia-e-da-china-estao-sobre-ele\/\" rel=\"nofollow noopener\" target=\"_blank\">na sua viagem oficial \u00e0 Mong\u00f3lia<\/a> e escrever sobre a experi\u00eancia. Habituado a tratar temas sens\u00edveis, o grande obst\u00e1culo que avistava desta vez era ele pr\u00f3prio, \u201cateu, anticlerical e laicista militante\u201d que perdera a f\u00e9 ainda adolescente e encontrara consolo nos livros. \u201cO maior esfor\u00e7o que tive de fazer foi livrar-me de preconceitos, porque todos os temos quanto \u00e0 Igreja Cat\u00f3lica, sejam a favor ou contra\u201d, afirma ao Observador em Lisboa. \u201cE, ao faz\u00ea-lo, as surpresas foram constantes\u201d, adianta.<\/p>\n<p>\u00c9 dessa experi\u00eancia que resulta O Louco de Deus no Fim do Mundo, que veio promover ao nosso pa\u00eds, livro que junta biografia, autobiografia, cr\u00f3nica, ensaio e literatura de viagem num \u201cromance sem fic\u00e7\u00e3o\u201d mas que tamb\u00e9m tem o seu qu\u00ea de policial. Porqu\u00ea? Porque trata \u201cde um louco sem Deus\u201d, ele mesmo, que \u201cvai procurar o louco de Deus\u201d, Francisco \u2014 assim descrito porque esse \u00e9 um dos t\u00edtulos carinhosamente dados a S\u00e3o Francisco de Assis \u2014, at\u00e9 \u201cao fim do mundo, a Mong\u00f3lia\u201d para \u201clhe fazer a pergunta mais elementar, mas tamb\u00e9m a mais importante: \u2018A minha m\u00e3e vai ver o meu pai depois da morte?&#8217;\u201d.<\/p>\n<p>O cariz de romance policial justifica-se porque no livro vai persistindo a incerteza de Cercas em conseguir falar com Francisco, apesar de viajarem no mesmo avi\u00e3o. E, ao mesmo tempo, foi dessa dificuldade que brotou uma obra onde Cercas tem um acesso in\u00e9dito ao Vaticano, o cora\u00e7\u00e3o de uma Igreja Cat\u00f3lica que temos \u201ct\u00e3o perto que nem a vemos\u201d, como peixes sem consci\u00eancia da \u00e1gua onde nadam. \u00c9 assim que, al\u00e9m de tentar compreender os dogmas do catolicismo, o autor tentou tamb\u00e9m perceber quem foi a figura de Francisco e qual foi a \u201cgrande revolu\u00e7\u00e3o\u201d que tentou levar a cabo, temas que trouxe para esta conversa.<\/p>\n<p>                    <img src=\"https:\/\/www.europesays.com\/pt\/wp-content\/uploads\/2025\/11\/louco-deus-fim-mundo-1-1.jpg\" alt=\"\" loading=\"lazy\" decoding=\"async\" width=\"1280\" height=\"1981\" class=\"news-photo\" onload=\"this.parentElement.classList.remove('spinner')\" onerror=\"this.parentElement.classList.remove('spinner')\"\/>                <\/p>\n<p class=\"legenda\">\n            \u25b2 Capa de &#8220;O Louco de Deus no Fim do Mundo&#8221;, de Javier Cercas, na edi\u00e7\u00e3o portuguesa da Porto Editora<\/p>\n<p><strong>A certa altura de O Louco de Deus no Fim do Mundo, descreve este livro como \u201cuma peregrina\u00e7\u00e3o\u201d. O que levou um autor que se autodefine como \u201cateu, anticlerical e laicista militante\u201d a empreend\u00ea-la?<br \/><\/strong>Porque tive uma oportunidade incr\u00edvel e porque tinha tamb\u00e9m uma necessidade, uma pergunta fundamental a fazer. Em primeiro lugar, a oportunidade de faz\u00ea-lo. Pela primeira vez em dois mil anos, a Igreja abriu as suas portas a um escritor, o que nunca tinha acontecido. \u00c0s vezes perguntam-me como \u00e9 poss\u00edvel que um escritor ateu, anticlerical, laicista, etc., como eu, tenha aceitado a oportunidade de escrever este livro, e minha resposta \u00e9 outra pergunta: como n\u00e3o aceitar? A Igreja Cat\u00f3lica tem sido absolutamente decisiva, em todos os sentidos: pol\u00edtico, cultural, \u00e9tico. Como recusar uma oportunidade absolutamente \u00fanica? Sinto-me totalmente privilegiado. J\u00e1 ia aceitar de qualquer das formas, mas al\u00e9m disso havia uma quest\u00e3o muito importante.<\/p>\n<p><strong>Uma promessa?<br \/><\/strong>Sim. Como j\u00e1 contei muitas vezes, quando me fizeram essa proposta, a primeira coisa em que pensei foi na minha m\u00e3e, que era uma pessoa muito cat\u00f3lica, profundamente crente. Quando o meu pai morreu, a minha m\u00e3e, que tinha vivido toda a vida com ele, dizia que iria v\u00ea-lo ap\u00f3s a morte \u2014 e n\u00e3o dizia isso porque era uma ideia da cabe\u00e7a dela, mas porque esse \u00e9 o cerne do cristianismo. \u00c9 o que diz S\u00e3o Paulo, que foi quem, de certa forma, inventou o cristianismo: que n\u00f3s ressuscitaremos porque Cristo ressuscitou, <a href=\"https:\/\/bibliaportugues.com\/1_corinthians\/15-14.htm\" rel=\"nofollow noopener\" target=\"_blank\">\u201ce se Cristo n\u00e3o ressuscitou, v\u00e3 \u00e9 a vossa f\u00e9\u201d<\/a>. Ent\u00e3o, naquele momento, soube do que trataria este livro: de um louco sem Deus que vai procurar o louco de Deus at\u00e9 ao fim do mundo, a Mong\u00f3lia. Louco sem Deus, ou seja, uma pessoa como eu, educada no cristianismo, com uma fam\u00edlia muito cat\u00f3lica, com uma educa\u00e7\u00e3o cat\u00f3lica, vindo de um pa\u00eds cat\u00f3lico\u2026<\/p>\n<p><strong>Como recorda no livro, um crist\u00e3o cultural, de uma forma ou outra.<br \/><\/strong>Totalmente. \u201cN\u00e3o podemos deixar de nos chamar crist\u00e3os\u201d, como nos dizia [Benedetto] Croce. Mas eu perdi a f\u00e9 a dado momento, como a imensa maioria de n\u00f3s. Portanto, um louco sem Deus que vai procurar o louco de Deus \u2014 que \u00e9 Francisco, porque foi o primeiro papa a escolher esse nome, como Francisco de Assis, que considerava-se a si mesmo <a href=\"https:\/\/catholicexchange.com\/how-st-francis-made-a-fool-of-himself\/\" rel=\"nofollow noopener\" target=\"_blank\">\u201co louco de Deus\u201d<\/a> \u2014 para fazer-lhe a pergunta mais elementar, mas tamb\u00e9m a mais importante: \u201cA minha m\u00e3e vai ver o meu pai depois da morte?\u201d. Queria fazer essa pergunta \u00e0 \u00fanica pessoa com autoridade para respond\u00ea-la no universo cat\u00f3lico, o Papa, ouvir a sua resposta e lev\u00e1-la de volta \u00e0 minha m\u00e3e. Portanto, este livro \u00e9, em certo sentido, um romance policial \u2014 como todos os meus livros, como todos os meus romances e como todos os romances que me importam, desde <a href=\"https:\/\/observador.pt\/especiais\/o-romance-nasceu-aos-coices-e-aos-pinotes\/\" rel=\"nofollow noopener\" target=\"_blank\">Dom Quixote<\/a> at\u00e9 hoje. Porque no cora\u00e7\u00e3o de todas essas obras h\u00e1 um enigma e algu\u00e9m que tenta decifr\u00e1-lo. E essa \u00e9 a ess\u00eancia do g\u00e9nero policial. O enigma deste livro \u00e9 o fundamental do cristianismo e, portanto, um dos enigmas centrais da nossa civiliza\u00e7\u00e3o, a ressurrei\u00e7\u00e3o da carne e a vida eterna.<\/p>\n","protected":false},"excerpt":{"rendered":"Por mais desafiante \u2014 perigoso, at\u00e9 \u2014 que seja caminhar pelas \u00e1guas lodosas do passado e da mem\u00f3ria,&hellip;\n","protected":false},"author":2,"featured_media":140517,"comment_status":"","ping_status":"","sticky":false,"template":"","format":"standard","meta":{"footnotes":""},"categories":[85],"tags":[315,114,115,741,5687,864,170,861,12634,32,33,313,58],"class_list":{"0":"post-140516","1":"post","2":"type-post","3":"status-publish","4":"format-standard","5":"has-post-thumbnail","7":"category-entretenimento","8":"tag-cultura","9":"tag-entertainment","10":"tag-entretenimento","11":"tag-entrevista","12":"tag-igreja-catu00f3lica","13":"tag-literatura","14":"tag-livros","15":"tag-observador","16":"tag-papa-francisco","17":"tag-portugal","18":"tag-pt","19":"tag-religiu00e3o","20":"tag-sociedade"},"share_on_mastodon":{"url":"https:\/\/pubeurope.com\/@pt\/115497322729704838","error":""},"_links":{"self":[{"href":"https:\/\/www.europesays.com\/pt\/wp-json\/wp\/v2\/posts\/140516","targetHints":{"allow":["GET"]}}],"collection":[{"href":"https:\/\/www.europesays.com\/pt\/wp-json\/wp\/v2\/posts"}],"about":[{"href":"https:\/\/www.europesays.com\/pt\/wp-json\/wp\/v2\/types\/post"}],"author":[{"embeddable":true,"href":"https:\/\/www.europesays.com\/pt\/wp-json\/wp\/v2\/users\/2"}],"replies":[{"embeddable":true,"href":"https:\/\/www.europesays.com\/pt\/wp-json\/wp\/v2\/comments?post=140516"}],"version-history":[{"count":0,"href":"https:\/\/www.europesays.com\/pt\/wp-json\/wp\/v2\/posts\/140516\/revisions"}],"wp:featuredmedia":[{"embeddable":true,"href":"https:\/\/www.europesays.com\/pt\/wp-json\/wp\/v2\/media\/140517"}],"wp:attachment":[{"href":"https:\/\/www.europesays.com\/pt\/wp-json\/wp\/v2\/media?parent=140516"}],"wp:term":[{"taxonomy":"category","embeddable":true,"href":"https:\/\/www.europesays.com\/pt\/wp-json\/wp\/v2\/categories?post=140516"},{"taxonomy":"post_tag","embeddable":true,"href":"https:\/\/www.europesays.com\/pt\/wp-json\/wp\/v2\/tags?post=140516"}],"curies":[{"name":"wp","href":"https:\/\/api.w.org\/{rel}","templated":true}]}}