{"id":140520,"date":"2025-11-05T13:35:07","date_gmt":"2025-11-05T13:35:07","guid":{"rendered":"https:\/\/www.europesays.com\/pt\/140520\/"},"modified":"2025-11-05T13:35:07","modified_gmt":"2025-11-05T13:35:07","slug":"crimes-ambientais-operacao-por-poluicao-dos-solos-poe-em-risco-operacao-da-construtora-verdasca","status":"publish","type":"post","link":"https:\/\/www.europesays.com\/pt\/140520\/","title":{"rendered":"Crimes ambientais: opera\u00e7\u00e3o por polui\u00e7\u00e3o dos solos p\u00f5e em risco opera\u00e7\u00e3o da construtora Verdasca\u00a0"},"content":{"rendered":"<p>\t                Projetos em quest\u00e3o envolvem subs\u00eddios no valor de 19 milh\u00f5es de euros, tendo sido j\u00e1 efetuados pagamentos de pelo menos 5,5 milh\u00f5es de euros. C\u00e2mara Municipal de Our\u00e9m entre os locais alvos de buscas<\/p>\n<p>A Construtora Verdasca, com mais de mil trabalhadores e considerada uma das maiores do pa\u00eds, com centenas de obras em curso e muitas das quais em concursos p\u00fablicos, dever\u00e1 ter de parar toda a sua opera\u00e7\u00e3o na sequ\u00eancia de uma opera\u00e7\u00e3o da Pol\u00edcia Judici\u00e1ria (PJ) na zona de Our\u00e9m &#8211; onde recaem suspeitas sobre a empresa por uma s\u00e9rie de crimes ambientais relacionados com a produ\u00e7\u00e3o de bet\u00e3o, apurou a CNN Portugal.\u00a0<\/p>\n<p>Em causa, uma extens\u00e3o ilegal de terreno com cerca de 20 hectares, onde o bet\u00e3o \u00e9 produzido, com suspeitas de polui\u00e7\u00e3o dos solos por parte da empresa.\u00a0H\u00e1 suspeitas de contamina\u00e7\u00e3o de \u00e1gua e dos solos e enterro de inertes, sem licenciamento e numa \u00e1rea protegida, havendo tamb\u00e9m suspeitas de conluio com respons\u00e1veis da C\u00e2mara Municipal de Our\u00e9m, onde a empresa est\u00e1 sediada, com ind\u00edcios de corrup\u00e7\u00e3o<\/p>\n<p>Em comunicado, a PJ adianta que realizou esta quarta-feira uma opera\u00e7\u00e3o policial, na regi\u00e3o de Our\u00e9m, visando a execu\u00e7\u00e3o de 25 mandados de busca domicili\u00e1ria e n\u00e3o domicili\u00e1ria nas instala\u00e7\u00f5es de tr\u00eas sociedades industriais e na C\u00e2mara Municipal de Our\u00e9m.<\/p>\n<p>&#8220;Nos inqu\u00e9ritos em apre\u00e7o, cuja investiga\u00e7\u00e3o est\u00e1 delegada na Pol\u00edcia Judici\u00e1ria, investigam-se factos suscet\u00edveis de enquadrar a pr\u00e1tica dos crimes de viola\u00e7\u00e3o das regras urban\u00edsticas, polui\u00e7\u00e3o com perigo comum, corrup\u00e7\u00e3o, fraude na obten\u00e7\u00e3o de subs\u00eddio ou subven\u00e7\u00e3o e branqueamento de capitais.\u00a0De acordo com a investiga\u00e7\u00e3o, v\u00e1rias empresas, que pertencem ao mesmo grupo empresarial, ter\u00e3o realizado atividades industriais em plena reserva ecol\u00f3gica nacional, sem as necess\u00e1rias licen\u00e7as de funcionamento e alvar\u00e1s de constru\u00e7\u00e3o, cuja atividade poder\u00e1 ter causado potenciais danos ecol\u00f3gicos&#8221;, l\u00ea-se na nota.<\/p>\n<p>Segundo a PJ, em causa est\u00e1 o procedimento que &#8220;levou a que fosse constru\u00edda de forma ilegal uma unidade industrial inserida num complexo de grandes dimens\u00f5es, que se encontra implantado na categoria de Espa\u00e7os de Explora\u00e7\u00e3o de Recursos Geol\u00f3gicos \u2013 Espa\u00e7os Florestais de Conserva\u00e7\u00e3o, bem como em \u00e1rea de Prote\u00e7\u00e3o de Reserva Ecol\u00f3gica Nacional, localizada no munic\u00edpio de Our\u00e9m&#8221;.\u00a0<\/p>\n<p>&#8220;Esta unidade industrial est\u00e1 em labora\u00e7\u00e3o, com fortes suspeitas de que na \u00e1rea tamb\u00e9m ter\u00e3o sido depositados res\u00edduos de modo clandestino.\u00a0Em causa est\u00e1, ainda, a apresenta\u00e7\u00e3o de candidaturas a subs\u00eddios ao abrigo do Fundo Social Europeu (FSE), do Fundo Europeu de Desenvolvimento Regional (FEDER) e do Programa de Recupera\u00e7\u00e3o e Resili\u00eancia (PRR), com base em licen\u00e7as de funcionamento e alvar\u00e1s de constru\u00e7\u00e3o provis\u00f3rios, emitidos pela autarquia de Our\u00e9m. Os subs\u00eddios destinavam-se a apoiar a investiga\u00e7\u00e3o industrial, a promover o desenvolvimento experimental, a transforma\u00e7\u00e3o digital e a internacionaliza\u00e7\u00e3o das empresas, e a melhorar a sua sustentabilidade ambiental&#8221;.<\/p>\n<p>Os projetos em quest\u00e3o envolvem subs\u00eddios no valor de 19 milh\u00f5es de euros, tendo sido j\u00e1 efetuados pagamentos de pelo menos 5.5 milh\u00f5es de euros.<\/p>\n","protected":false},"excerpt":{"rendered":"Projetos em quest\u00e3o envolvem subs\u00eddios no valor de 19 milh\u00f5es de euros, tendo sido j\u00e1 efetuados pagamentos de&hellip;\n","protected":false},"author":2,"featured_media":140521,"comment_status":"","ping_status":"","sticky":false,"template":"","format":"standard","meta":{"footnotes":""},"categories":[10],"tags":[609,836,611,31203,27,28,607,608,333,832,604,3900,135,610,476,15,16,301,830,14,603,25,26,570,21,22,831,833,62,834,12,13,19,20,31204,835,602,52,32,23,24,33,17,18,29,30,31,31202],"class_list":{"0":"post-140520","1":"post","2":"type-post","3":"status-publish","4":"format-standard","5":"has-post-thumbnail","7":"category-portugal","8":"tag-alerta","9":"tag-analise","10":"tag-ao-minuto","11":"tag-betao","12":"tag-breaking-news","13":"tag-breakingnews","14":"tag-cnn","15":"tag-cnn-portugal","16":"tag-comentadores","17":"tag-costa","18":"tag-crime","19":"tag-crimes","20":"tag-desporto","21":"tag-direto","22":"tag-economia","23":"tag-featured-news","24":"tag-featurednews","25":"tag-governo","26":"tag-guerra","27":"tag-headlines","28":"tag-justica","29":"tag-latest-news","30":"tag-latestnews","31":"tag-live","32":"tag-main-news","33":"tag-mainnews","34":"tag-mais-vistas","35":"tag-marcelo","36":"tag-mundo","37":"tag-negocios","38":"tag-news","39":"tag-noticias","40":"tag-noticias-principais","41":"tag-noticiasprincipais","42":"tag-operacao-terra-limpa","43":"tag-opiniao","44":"tag-pais","45":"tag-politica","46":"tag-portugal","47":"tag-principais-noticias","48":"tag-principaisnoticias","49":"tag-pt","50":"tag-top-stories","51":"tag-topstories","52":"tag-ultimas","53":"tag-ultimas-noticias","54":"tag-ultimasnoticias","55":"tag-verdasca"},"share_on_mastodon":{"url":"","error":"Validation failed: Text character limit of 500 exceeded"},"_links":{"self":[{"href":"https:\/\/www.europesays.com\/pt\/wp-json\/wp\/v2\/posts\/140520","targetHints":{"allow":["GET"]}}],"collection":[{"href":"https:\/\/www.europesays.com\/pt\/wp-json\/wp\/v2\/posts"}],"about":[{"href":"https:\/\/www.europesays.com\/pt\/wp-json\/wp\/v2\/types\/post"}],"author":[{"embeddable":true,"href":"https:\/\/www.europesays.com\/pt\/wp-json\/wp\/v2\/users\/2"}],"replies":[{"embeddable":true,"href":"https:\/\/www.europesays.com\/pt\/wp-json\/wp\/v2\/comments?post=140520"}],"version-history":[{"count":0,"href":"https:\/\/www.europesays.com\/pt\/wp-json\/wp\/v2\/posts\/140520\/revisions"}],"wp:featuredmedia":[{"embeddable":true,"href":"https:\/\/www.europesays.com\/pt\/wp-json\/wp\/v2\/media\/140521"}],"wp:attachment":[{"href":"https:\/\/www.europesays.com\/pt\/wp-json\/wp\/v2\/media?parent=140520"}],"wp:term":[{"taxonomy":"category","embeddable":true,"href":"https:\/\/www.europesays.com\/pt\/wp-json\/wp\/v2\/categories?post=140520"},{"taxonomy":"post_tag","embeddable":true,"href":"https:\/\/www.europesays.com\/pt\/wp-json\/wp\/v2\/tags?post=140520"}],"curies":[{"name":"wp","href":"https:\/\/api.w.org\/{rel}","templated":true}]}}