{"id":140542,"date":"2025-11-05T13:57:11","date_gmt":"2025-11-05T13:57:11","guid":{"rendered":"https:\/\/www.europesays.com\/pt\/140542\/"},"modified":"2025-11-05T13:57:11","modified_gmt":"2025-11-05T13:57:11","slug":"benfica-dois-reforcos-de-peso-na-equipa-de-noronha-lopes-para-as-modalidades","status":"publish","type":"post","link":"https:\/\/www.europesays.com\/pt\/140542\/","title":{"rendered":"Benfica: dois refor\u00e7os de peso na equipa de Noronha Lopes para as modalidades"},"content":{"rendered":"<p>A aproximar-se o derradeiro dia das elei\u00e7\u00f5es do Benfica, Felipe Gomes, vice-presidente para as modalidades na lista de Jo\u00e3o Noronha Lopes (F), anunciou dois nomes de peso para as modalidades.<\/p>\n<p>Em conversa no podcast Vis\u00e3o Vermelha, o dirigente revelou que, caso ven\u00e7am Rui Costa no dia 8 de novembro, Ricardinho e Jean-Jacques v\u00e3o integrar a estrutura.<\/p>\n<p>No que toca a Ricardinho, o ex-internacional portugu\u00eas, seis vezes Melhor do Mundo, ex-Benfica e vencedor de tr\u00eas Champions, vai juntar-se \u00e0 equipa que gere o futsal. Por outro lado, o angolano de 61 anos integra o grupo do basquetebol.<\/p>\n<p>As elei\u00e7\u00f5es est\u00e3o marcadas para dia 8 de novembro, entre as 08h30 e as 22h00 em Portugal Continental, colocando frente a frente o atual presidente, Rui Costa, e Jo\u00e3o Noronha Lopes.<\/p>\n","protected":false},"excerpt":{"rendered":"A aproximar-se o derradeiro dia das elei\u00e7\u00f5es do Benfica, Felipe Gomes, vice-presidente para as modalidades na lista de&hellip;\n","protected":false},"author":2,"featured_media":140543,"comment_status":"","ping_status":"","sticky":false,"template":"","format":"standard","meta":{"footnotes":""},"categories":[87],"tags":[51,135,2258,31206,9940,31207,46,1830,32,33,47,3930,134],"class_list":{"0":"post-140542","1":"post","2":"type-post","3":"status-publish","4":"format-standard","5":"has-post-thumbnail","7":"category-desporto","8":"tag-benfica","9":"tag-desporto","10":"tag-eleicoes","11":"tag-jean-jacques","12":"tag-joao-noronha-lopes","13":"tag-lista-f","14":"tag-maisfutebol","15":"tag-modalidades","16":"tag-portugal","17":"tag-pt","18":"tag-pura-paixao","19":"tag-ricardinho","20":"tag-sports"},"share_on_mastodon":{"url":"https:\/\/pubeurope.com\/@pt\/115497444747621991","error":""},"_links":{"self":[{"href":"https:\/\/www.europesays.com\/pt\/wp-json\/wp\/v2\/posts\/140542","targetHints":{"allow":["GET"]}}],"collection":[{"href":"https:\/\/www.europesays.com\/pt\/wp-json\/wp\/v2\/posts"}],"about":[{"href":"https:\/\/www.europesays.com\/pt\/wp-json\/wp\/v2\/types\/post"}],"author":[{"embeddable":true,"href":"https:\/\/www.europesays.com\/pt\/wp-json\/wp\/v2\/users\/2"}],"replies":[{"embeddable":true,"href":"https:\/\/www.europesays.com\/pt\/wp-json\/wp\/v2\/comments?post=140542"}],"version-history":[{"count":0,"href":"https:\/\/www.europesays.com\/pt\/wp-json\/wp\/v2\/posts\/140542\/revisions"}],"wp:featuredmedia":[{"embeddable":true,"href":"https:\/\/www.europesays.com\/pt\/wp-json\/wp\/v2\/media\/140543"}],"wp:attachment":[{"href":"https:\/\/www.europesays.com\/pt\/wp-json\/wp\/v2\/media?parent=140542"}],"wp:term":[{"taxonomy":"category","embeddable":true,"href":"https:\/\/www.europesays.com\/pt\/wp-json\/wp\/v2\/categories?post=140542"},{"taxonomy":"post_tag","embeddable":true,"href":"https:\/\/www.europesays.com\/pt\/wp-json\/wp\/v2\/tags?post=140542"}],"curies":[{"name":"wp","href":"https:\/\/api.w.org\/{rel}","templated":true}]}}