{"id":140556,"date":"2025-11-05T14:11:11","date_gmt":"2025-11-05T14:11:11","guid":{"rendered":"https:\/\/www.europesays.com\/pt\/140556\/"},"modified":"2025-11-05T14:11:11","modified_gmt":"2025-11-05T14:11:11","slug":"ciclismo-uci-suspende-provisoriamente-portugues-antonio-carvalho","status":"publish","type":"post","link":"https:\/\/www.europesays.com\/pt\/140556\/","title":{"rendered":"Ciclismo: UCI suspende provisoriamente portugu\u00eas Ant\u00f3nio Carvalho"},"content":{"rendered":"<p style=\"margin-bottom:11px\">O ciclista portugu\u00eas Ant\u00f3nio Carvalho, duas vezes terceiro classificado na Volta a Portugal (2022 e 2023), foi suspenso provisoriamente pela Uni\u00e3o Ciclista Internacional (UCI) devido a anomalias no passaporte biol\u00f3gico.<\/p>\n<p>Na sua carreira, o ainda ciclista do Feirense-Beeceler representou a LA Alum\u00ednios-Antarte (2013-2014), antes de mudar-se para W52-Quinta da Lixa, depois denominada W52-FC Porto, onde esteve at\u00e9 2019. Passou, depois, pela estrutura da Efapel, antes de transferir-se para a equipa de Santa Maria da Feira.<\/p>\n<p>Ant\u00f3nio Carvalho, de 36 anos, conquistou duas edi\u00e7\u00f5es do Grande Pr\u00e9mio Jornal de Not\u00edcias (2015 e 2018) e venceu por duas vezes no alto da Senhora da Gra\u00e7a (2019 e 2022), somando ainda outro triunfo em etapas na prova rainha do calend\u00e1rio nacional, em 2020, e sagrando-se \u201crei da montanha\u201d em 2014.<\/p>\n<p>Em comunicado, a UCI detalha que a suspens\u00e3o provis\u00f3ria do corredor natural de S\u00e3o Paio de Oleiros, concelho de Santa Maria da Feira, se fica a dever a \u00abanomalias inexplic\u00e1veis\u00bb no seu passaporte biol\u00f3gico em 2018, 2023 e 2024.<\/p>\n<p>\u00abA UCI n\u00e3o far\u00e1 mais coment\u00e1rios enquanto o processo estiver a decorrer\u00bb, l\u00ea-se em comunicado do organismo.<\/p>\n","protected":false},"excerpt":{"rendered":"O ciclista portugu\u00eas Ant\u00f3nio Carvalho, duas vezes terceiro classificado na Volta a Portugal (2022 e 2023), foi suspenso&hellip;\n","protected":false},"author":2,"featured_media":140557,"comment_status":"","ping_status":"","sticky":false,"template":"","format":"standard","meta":{"footnotes":""},"categories":[87],"tags":[31210,1342,135,10955,1356,46,1830,32,33,47,134,31209],"class_list":{"0":"post-140556","1":"post","2":"type-post","3":"status-publish","4":"format-standard","5":"has-post-thumbnail","7":"category-desporto","8":"tag-antonio-carvalho","9":"tag-ciclismo","10":"tag-desporto","11":"tag-doping","12":"tag-mais-futebol","13":"tag-maisfutebol","14":"tag-modalidades","15":"tag-portugal","16":"tag-pt","17":"tag-pura-paixao","18":"tag-sports","19":"tag-uci"},"share_on_mastodon":{"url":"https:\/\/pubeurope.com\/@pt\/115497499686194876","error":""},"_links":{"self":[{"href":"https:\/\/www.europesays.com\/pt\/wp-json\/wp\/v2\/posts\/140556","targetHints":{"allow":["GET"]}}],"collection":[{"href":"https:\/\/www.europesays.com\/pt\/wp-json\/wp\/v2\/posts"}],"about":[{"href":"https:\/\/www.europesays.com\/pt\/wp-json\/wp\/v2\/types\/post"}],"author":[{"embeddable":true,"href":"https:\/\/www.europesays.com\/pt\/wp-json\/wp\/v2\/users\/2"}],"replies":[{"embeddable":true,"href":"https:\/\/www.europesays.com\/pt\/wp-json\/wp\/v2\/comments?post=140556"}],"version-history":[{"count":0,"href":"https:\/\/www.europesays.com\/pt\/wp-json\/wp\/v2\/posts\/140556\/revisions"}],"wp:featuredmedia":[{"embeddable":true,"href":"https:\/\/www.europesays.com\/pt\/wp-json\/wp\/v2\/media\/140557"}],"wp:attachment":[{"href":"https:\/\/www.europesays.com\/pt\/wp-json\/wp\/v2\/media?parent=140556"}],"wp:term":[{"taxonomy":"category","embeddable":true,"href":"https:\/\/www.europesays.com\/pt\/wp-json\/wp\/v2\/categories?post=140556"},{"taxonomy":"post_tag","embeddable":true,"href":"https:\/\/www.europesays.com\/pt\/wp-json\/wp\/v2\/tags?post=140556"}],"curies":[{"name":"wp","href":"https:\/\/api.w.org\/{rel}","templated":true}]}}