{"id":140566,"date":"2025-11-05T14:18:09","date_gmt":"2025-11-05T14:18:09","guid":{"rendered":"https:\/\/www.europesays.com\/pt\/140566\/"},"modified":"2025-11-05T14:18:09","modified_gmt":"2025-11-05T14:18:09","slug":"pj-realiza-buscas-na-camara-de-ourem-e-verdasca","status":"publish","type":"post","link":"https:\/\/www.europesays.com\/pt\/140566\/","title":{"rendered":"PJ Realiza Buscas na C\u00e2mara de Our\u00e9m e Verdasca"},"content":{"rendered":"<p>(Not\u00edcia atualizada \u00e0s 13h49 com a informa\u00e7\u00e3o de que a empresa alvo de buscas \u00e9 a Verdasca &amp; Verdasca Lda, empresa que fabrica materiais de constru\u00e7\u00e3o, e n\u00e3o outra empresa com o mesmo nome que n\u00e3o est\u00e1 relacionada com a primeira e que vende materiais de jardinagem)<\/p>\n<p>A Pol\u00edcia Judici\u00e1ria est\u00e1, esta quarta-feira, 5 de novembro, a realizar buscas <strong>na C\u00e2mara Municipal de Our\u00e9m e na empresa Verdasca &amp; Verdasca, Lda<\/strong>, por suspeita de viola\u00e7\u00e3o das regras urban\u00edsticas e de polui\u00e7\u00e3o, no \u00e2mbito da constru\u00e7\u00e3o de um complexo industrial em terrenos de reserva ecol\u00f3gica, apurou o DN.<\/p>\n<p>Entre os visados nesta investiga\u00e7\u00e3o est\u00e3o o administrador da Verdasca e Verdasca Lda. e o presidente da C\u00e2mara de Our\u00e9m, Lu\u00eds Miguel Albuquerque, que no m\u00eas passado foi reeleito para um terceiro mandato.<\/p>\n<p>A Verdasca &amp; Verdasca Lda. dedica-se ao fabrico de materiais de constru\u00e7\u00e3o. <\/p>\n<p>A denominada Opera\u00e7\u00e3o Terra Limpa visou a execu\u00e7\u00e3o de <strong>25 mandados de busca domicili\u00e1ria e n\u00e3o domicili\u00e1ria<\/strong> nas instala\u00e7\u00f5es de tr\u00eas sociedades industriais e na C\u00e2mara Municipal de Our\u00e9m.<\/p>\n<p>Entretanto, em comunicado, a PJ explica que se investigam <strong>factos suscet\u00edveis de enquadrar a pr\u00e1tica dos crimes de viola\u00e7\u00e3o das regras urban\u00edsticas, polui\u00e7\u00e3o com perigo comum, corrup\u00e7\u00e3o, fraude na obten\u00e7\u00e3o de subs\u00eddio ou subven\u00e7\u00e3o e branqueamento de capitais.<\/strong><\/p>\n<p>&#8220;De acordo com a investiga\u00e7\u00e3o, <strong>v\u00e1rias empresas, que pertencem ao mesmo grupo empresarial, ter\u00e3o realizado atividades industriais em plena reserva ecol\u00f3gica nacional, sem as necess\u00e1rias licen\u00e7as de funcionamento e alvar\u00e1s de constru\u00e7\u00e3o<\/strong>, cuja atividade poder\u00e1 ter causado potenciais danos ecol\u00f3gicos&#8221;, diz a PJ.<\/p>\n<p>Este procedimento, explica no comunicado, &#8220;levou a que <strong>fosse constru\u00edda de forma ilegal uma unidade industrial inserida num complexo de grandes dimens\u00f5es, que se encontra implantado na categoria de Espa\u00e7os de Explora\u00e7\u00e3o de Recursos Geol\u00f3gicos \u2013 Espa\u00e7os Florestais de Conserva\u00e7\u00e3o, bem como em \u00e1rea de Prote\u00e7\u00e3o de Reserva Ecol\u00f3gica Nacional, localizada no munic\u00edpio de Our\u00e9m.<\/strong> \u00a0<\/p>\n<p>Suspeita-se que na \u00e1rea tamb\u00e9m ter\u00e3o sido depositados res\u00edduos de modo clandestino. <\/p>\n<p><strong>Em causa est\u00e1 ainda, segundo a nota da PJ, &#8220;a apresenta\u00e7\u00e3o de candidaturas a subs\u00eddios<\/strong> ao abrigo do Fundo Social Europeu (FSE), do Fundo Europeu de Desenvolvimento Regional (FEDER) e do Programa de Recupera\u00e7\u00e3o e Resili\u00eancia (PRR), com base em licen\u00e7as de funcionamento e alvar\u00e1s de constru\u00e7\u00e3o provis\u00f3rios, emitidos pela autarquia de Our\u00e9m&#8221;. &#8220;Os subs\u00eddios destinavam-se a apoiar a investiga\u00e7\u00e3o industrial, a promover o desenvolvimento experimental, a transforma\u00e7\u00e3o digital e a internacionaliza\u00e7\u00e3o das empresas, e a melhorar a sua sustentabilidade ambiental&#8221;, acrescenta a PJ, adiantando que os projetos em quest\u00e3o envolvem <strong>subs\u00eddios no valor de 19 milh\u00f5es de euros, tendo sido j\u00e1 efetuados pagamentos de pelo menos 5.5 milh\u00f5es de euros.<\/strong><\/p>\n<p><strong>CORRE\u00c7\u00c3O:<\/strong> Por lapso, na vers\u00e3o original desta not\u00edcia, foi mencionado que a empresa em causa se dedica tamb\u00e9m \u00e0 venda de materiais de jardinagem, potenciando uma confus\u00e3o com outra empresa da regi\u00e3o, chamada <a aria-label=\"content\" target=\"_blank\" href=\"https:\/\/www.verdasca.pt\/\" rel=\"nofollow noopener\">Joaquim Verdasca J\u00fanior Herdeiros, Lda<\/a>, que n\u00e3o tem qualquer rela\u00e7\u00e3o com o grupo alvo de buscas nem com estas \u00faltimas. Pelo lapso, apresentamos as nossas desculpas aos visados e aos leitores.<\/p>\n","protected":false},"excerpt":{"rendered":"(Not\u00edcia atualizada \u00e0s 13h49 com a informa\u00e7\u00e3o de que a empresa alvo de buscas \u00e9 a Verdasca &amp;&hellip;\n","protected":false},"author":2,"featured_media":140567,"comment_status":"","ping_status":"","sticky":false,"template":"","format":"standard","meta":{"footnotes":""},"categories":[8],"tags":[15186,27,28,6031,15,16,14,1173,25,26,21,22,12,13,19,20,31214,2445,32,23,24,33,17,18,29,30,31],"class_list":{"0":"post-140566","1":"post","2":"type-post","3":"status-publish","4":"format-standard","5":"has-post-thumbnail","7":"category-principais-noticias","8":"tag-autarquias","9":"tag-breaking-news","10":"tag-breakingnews","11":"tag-buscas","12":"tag-featured-news","13":"tag-featurednews","14":"tag-headlines","15":"tag-investigacao","16":"tag-latest-news","17":"tag-latestnews","18":"tag-main-news","19":"tag-mainnews","20":"tag-news","21":"tag-noticias","22":"tag-noticias-principais","23":"tag-noticiasprincipais","24":"tag-ourem","25":"tag-policia-judiciaria","26":"tag-portugal","27":"tag-principais-noticias","28":"tag-principaisnoticias","29":"tag-pt","30":"tag-top-stories","31":"tag-topstories","32":"tag-ultimas","33":"tag-ultimas-noticias","34":"tag-ultimasnoticias"},"share_on_mastodon":{"url":"https:\/\/pubeurope.com\/@pt\/115497527321329903","error":""},"_links":{"self":[{"href":"https:\/\/www.europesays.com\/pt\/wp-json\/wp\/v2\/posts\/140566","targetHints":{"allow":["GET"]}}],"collection":[{"href":"https:\/\/www.europesays.com\/pt\/wp-json\/wp\/v2\/posts"}],"about":[{"href":"https:\/\/www.europesays.com\/pt\/wp-json\/wp\/v2\/types\/post"}],"author":[{"embeddable":true,"href":"https:\/\/www.europesays.com\/pt\/wp-json\/wp\/v2\/users\/2"}],"replies":[{"embeddable":true,"href":"https:\/\/www.europesays.com\/pt\/wp-json\/wp\/v2\/comments?post=140566"}],"version-history":[{"count":0,"href":"https:\/\/www.europesays.com\/pt\/wp-json\/wp\/v2\/posts\/140566\/revisions"}],"wp:featuredmedia":[{"embeddable":true,"href":"https:\/\/www.europesays.com\/pt\/wp-json\/wp\/v2\/media\/140567"}],"wp:attachment":[{"href":"https:\/\/www.europesays.com\/pt\/wp-json\/wp\/v2\/media?parent=140566"}],"wp:term":[{"taxonomy":"category","embeddable":true,"href":"https:\/\/www.europesays.com\/pt\/wp-json\/wp\/v2\/categories?post=140566"},{"taxonomy":"post_tag","embeddable":true,"href":"https:\/\/www.europesays.com\/pt\/wp-json\/wp\/v2\/tags?post=140566"}],"curies":[{"name":"wp","href":"https:\/\/api.w.org\/{rel}","templated":true}]}}