{"id":140570,"date":"2025-11-05T14:22:08","date_gmt":"2025-11-05T14:22:08","guid":{"rendered":"https:\/\/www.europesays.com\/pt\/140570\/"},"modified":"2025-11-05T14:22:08","modified_gmt":"2025-11-05T14:22:08","slug":"marisa-susana-pica-pedro-ja-falaste-tudo-com-a-marisa-tvi-player","status":"publish","type":"post","link":"https:\/\/www.europesays.com\/pt\/140570\/","title":{"rendered":"Marisa Susana pica Pedro: \u00abJ\u00e1 falaste tudo com a Marisa?\u00bb &#8211; TVI Player"},"content":{"rendered":"<ol>\n<li><a href=\"https:\/\/news.google.com\/rss\/articles\/CBMipAFBVV95cUxNNldOYkdUZW1jOTZDbGxMdFZ1U2JYVFQ0amllcDBuY09ESlBZckthbzlldFNBZkFjTjY0T1BDOEFGYUVUdmhwanRPTTZQRHJFeHpDay1Yb3BSUWVyWHNvTnpNN0ZxSWkxUFVyQ0pFYkczX3BFZ0ZEUzhyaV9Ec3JOOEk1bExHUXN0emtJc3EzNzd3QTBnY2hjMkM5dXo4VnhGNS1ZUg?oc=5\" target=\"_blank\" rel=\"nofollow noopener\">Marisa Susana pica Pedro: \u00abJ\u00e1 falaste tudo com a Marisa?\u00bb<\/a>&nbsp;&nbsp;TVI Player<\/li>\n<li><a href=\"https:\/\/news.google.com\/rss\/articles\/CBMiqgFBVV95cUxOOTRDLU8tVEw1WGlvZ2dFT01FNXRMa1gwWDB1UkxfeVBYd1FiUDdJNXkyYzNxaTlrQWdvR0FmTk9JeU5FT0Jhenh3OFY5UnVzZmYxZ2lybXFHQTh3WU1nRkNHbTNOLXduSkdXUTUwSTd6b0ZObk0wdVNHcjllRmV2WFdyNWVxZmVyZDdpRmdXWUs2R0FqOGE1YzRUQmlkZjV1RXNyVzRMbnJfdw?oc=5\" target=\"_blank\" rel=\"nofollow noopener\">Ap\u00f3s reconcilia\u00e7\u00e3o com Pedro Jorge, Marisa admite: &#8220;Prefiro que descubram o meu segredo&#8230;&#8221;<\/a>&nbsp;&nbsp;Hiper Fm<\/li>\n<li><a href=\"https:\/\/news.google.com\/rss\/articles\/CBMixgFBVV95cUxOWkMybHRseTNvTzZLYnYwRDVUeE1LV1htaWFoZW8zZjJlZWUxa2pRd3pJM183MTRKemFOOXVVa0l2V0FWYkxoUEh0WF9iYnZaSm1IZzM3YXM0TXBONjl4NWlxeXZRbVdUVjZhUWN3RU5xeExYa2RlSWdEZkpTM0ZjQUtmNnVzVGtvbDdOTUdRYUhCSXFDNEZvOTIyajhBVFF2TkJzbVp0RFpzeHpXaUpZNjdvcGFGYUFFek1qbFZTTVE1d3dldlE?oc=5\" target=\"_blank\" rel=\"nofollow noopener\">Marisa e Pedro Jorge v\u00e3o ter momento a s\u00f3s na Gala da Casa dos Segredos&#8230; mas abra\u00e7os a Bruno s\u00e3o destaque<\/a>&nbsp;&nbsp;Dioguinho<\/li>\n<li><a href=\"https:\/\/news.google.com\/rss\/articles\/CBMiiwJBVV95cUxNdW5yXzFPOWlnM2YzMF9HTktpX3ExWUtvWGZZSVRtQU11MGtDRGhoQmpFMjg1OERGb2hnNFVNTk5VV3hJMExCYjNZN2RzUmdBa2RFdG8xblk2MW9jUEY5N0E3VkZGbGF2LVc0SlBYdUlOa3NGSVRIdnFnLVVoZFd0TTRDcVlTOUc4VWxqUzV1MWk0X2c2Y3dmZzhKcWh6VFRGbWh2YXo1bkF4Wmw4ZlJzVGlJMGs0Rl9TYm5QdkJUMmc4TE5yN0pWT081czlCdGFLTmdIbVc5UzNsRDdpUC1HMVNRZG5yV1BuMjlCNGs0R3BEeENvYjVYaVRDUFVTSG83OGFpakx0ZzU5TnM?oc=5\" target=\"_blank\" rel=\"nofollow noopener\">O que faltava contar sobre a hist\u00f3ria de Pedro Jorge e Marisa da Casa dos Segredos: a comovente forma como ele a ajudou a separar uma trai\u00e7\u00e3o<\/a>&nbsp;&nbsp;TV Guia.pt<\/li>\n<li><a href=\"https:\/\/news.google.com\/rss\/articles\/CBMirAFBVV95cUxPcVBIWWJkVS1TemY5dFFGOHM5NHJMQTVDWnYzRjBBLWFrWUdGUHloYXRGWTlYV2NwU3dTdkFiYUJVdmpOckJVZEFzZjhRdjZZQmg1RjJjUWxXZzB0bk9aaklWVktTVjVoeW1PYnFDM24wNXdPaEl1QlBucUVvS3ZhNzhMMmNMZTVrQ0xEd0I2emxVV3dGZEo0d0hnVS14Q1RXOFpKUGNOUHFieFJv?oc=5\" target=\"_blank\" rel=\"nofollow noopener\">Marisa desabafa com Pedro Jorge na Casa dos Segredos: \u201cPrefiro que descubram o meu segredo\u201d<\/a>&nbsp;&nbsp;infocul.pt<\/li>\n<\/ol>\n","protected":false},"excerpt":{"rendered":"Marisa Susana pica Pedro: \u00abJ\u00e1 falaste tudo com a Marisa?\u00bb&nbsp;&nbsp;TVI Player Ap\u00f3s reconcilia\u00e7\u00e3o com Pedro Jorge, Marisa admite:&hellip;\n","protected":false},"author":2,"featured_media":140571,"comment_status":"","ping_status":"","sticky":false,"template":"","format":"standard","meta":{"footnotes":""},"categories":[142],"tags":[114,115,19153,14646,32,33,151],"class_list":{"0":"post-140570","1":"post","2":"type-post","3":"status-publish","4":"format-standard","5":"has-post-thumbnail","7":"category-tv","8":"tag-entertainment","9":"tag-entretenimento","10":"tag-marisa-susana","11":"tag-pedro","12":"tag-portugal","13":"tag-pt","14":"tag-tv"},"share_on_mastodon":{"url":"https:\/\/pubeurope.com\/@pt\/115497543053832198","error":""},"_links":{"self":[{"href":"https:\/\/www.europesays.com\/pt\/wp-json\/wp\/v2\/posts\/140570","targetHints":{"allow":["GET"]}}],"collection":[{"href":"https:\/\/www.europesays.com\/pt\/wp-json\/wp\/v2\/posts"}],"about":[{"href":"https:\/\/www.europesays.com\/pt\/wp-json\/wp\/v2\/types\/post"}],"author":[{"embeddable":true,"href":"https:\/\/www.europesays.com\/pt\/wp-json\/wp\/v2\/users\/2"}],"replies":[{"embeddable":true,"href":"https:\/\/www.europesays.com\/pt\/wp-json\/wp\/v2\/comments?post=140570"}],"version-history":[{"count":0,"href":"https:\/\/www.europesays.com\/pt\/wp-json\/wp\/v2\/posts\/140570\/revisions"}],"wp:featuredmedia":[{"embeddable":true,"href":"https:\/\/www.europesays.com\/pt\/wp-json\/wp\/v2\/media\/140571"}],"wp:attachment":[{"href":"https:\/\/www.europesays.com\/pt\/wp-json\/wp\/v2\/media?parent=140570"}],"wp:term":[{"taxonomy":"category","embeddable":true,"href":"https:\/\/www.europesays.com\/pt\/wp-json\/wp\/v2\/categories?post=140570"},{"taxonomy":"post_tag","embeddable":true,"href":"https:\/\/www.europesays.com\/pt\/wp-json\/wp\/v2\/tags?post=140570"}],"curies":[{"name":"wp","href":"https:\/\/api.w.org\/{rel}","templated":true}]}}