{"id":140597,"date":"2025-11-05T14:40:37","date_gmt":"2025-11-05T14:40:37","guid":{"rendered":"https:\/\/www.europesays.com\/pt\/140597\/"},"modified":"2025-11-05T14:40:37","modified_gmt":"2025-11-05T14:40:37","slug":"adeus-a-calvicie-novo-estudo-encontrou-surpreendentes-beneficios-da-cebola-para-a-alopecia","status":"publish","type":"post","link":"https:\/\/www.europesays.com\/pt\/140597\/","title":{"rendered":"Adeus \u00e0 calv\u00edcie? Novo estudo encontrou surpreendentes benef\u00edcios da cebola para a alopecia"},"content":{"rendered":"\n<p class=\" content-text__container theme-color-primary-first-letter\" data-track-category=\"Link no Texto\" data-track-links=\"\"> A queda de cabelo \u00e9 um problema que preocupa homens e mulheres. No entanto, um novo estudo cient\u00edfico pode oferecer uma alternativa natural promissora: a cebola. H\u00e1 gera\u00e7\u00f5es, esse ingrediente faz parte de rem\u00e9dios caseiros tradicionais, e agora a ci\u00eancia come\u00e7a a comprovar sua efic\u00e1cia. <\/p>\n<ul class=\"content-unordered-list\">\n<li><strong>&#8216;Devo deixar meu filho jogar Roblox?&#8217;: <\/strong><a class=\"\" href=\"https:\/\/oglobo.globo.com\/saude\/noticia\/2025\/11\/05\/devo-deixar-meu-filho-jogar-roblox-newsletter-do-globo-responde-a-perguntas-de-pais-maes-e-cuidadores.ghtml\" rel=\"nofollow noopener\" target=\"_blank\"><strong>newsletter do GLOBO responde a perguntas de pais, m\u00e3es e cuidadores<\/strong><\/a><\/li>\n<li><strong>Tem mais de 50 anos?<\/strong><a class=\"\" href=\"https:\/\/oglobo.globo.com\/saude\/bem-estar\/noticia\/2025\/11\/05\/tem-mais-de-50-anos-3-fontes-de-proteina-de-alta-qualidade-que-voce-pode-adicionar-a-dieta.ghtml\" rel=\"nofollow noopener\" target=\"_blank\"><strong> 3 fontes de prote\u00edna de alta qualidade que voc\u00ea pode adicionar \u00e0 dieta<\/strong><\/a><\/li>\n<\/ul>\n<p>Cebolas, um rem\u00e9dio ancestral com respaldo cient\u00edfico<\/p>\n<p class=\" content-text__container \" data-track-category=\"Link no Texto\" data-track-links=\"\"> O estudo, publicado no The Journal of Dermatology, analisou os efeitos do suco de cebola na alopecia areata, uma condi\u00e7\u00e3o autoimune que causa queda de cabelo em \u00e1reas espec\u00edficas. <\/p>\n<p class=\" content-text__container \" data-track-category=\"Link no Texto\" data-track-links=\"\"> Os pesquisadores recrutaram um grupo de pessoas diagnosticadas com essa doen\u00e7a e as dividiram em dois grupos: um aplicou suco de cebola no couro cabeludo duas vezes ao dia durante oito semanas, enquanto o outro usou apenas \u00e1gua. <\/p>\n<p class=\" content-text__container \" data-track-category=\"Link no Texto\" data-track-links=\"\"> Os resultados foram not\u00e1veis: em apenas duas semanas, a maioria dos participantes que usaram suco de cebola observou sinais de crescimento capilar. Ao final do estudo, 87% desse grupo havia recuperado os cabelos nas \u00e1reas afetadas, em compara\u00e7\u00e3o com 13% do grupo de controle. <\/p>\n<p>Os compostos ativos da cebola e seu efeito no couro cabeludo<\/p>\n<p class=\" content-text__container \" data-track-category=\"Link no Texto\" data-track-links=\"\"> Os cientistas atribuem esses resultados a compostos presentes na cebola, como enxofre, flavonoides e antioxidantes. Esses elementos podem estimular os fol\u00edculos capilares, melhorar a circula\u00e7\u00e3o sangu\u00ednea e reduzir a inflama\u00e7\u00e3o do couro cabeludo \u2014 fatores essenciais para o crescimento do cabelo. <\/p>\n<ul class=\"content-unordered-list\">\n<li><strong>Mais eficaz e com menos efeitos colaterais: <\/strong><a class=\"\" href=\"https:\/\/oglobo.globo.com\/saude\/noticia\/2025\/11\/05\/mais-eficaz-e-com-menos-efeitos-colaterais-cientistas-alteram-quimioterapico-e-otimizam-resultado-em-10-mil-vezes.ghtml\" rel=\"nofollow noopener\" target=\"_blank\"><strong>cientistas alteram quimioter\u00e1pico e otimizam resultado em 10 mil vezes<\/strong><\/a><\/li>\n<\/ul>\n<p class=\" content-text__container \" data-track-category=\"Link no Texto\" data-track-links=\"\"> O enxofre, em particular, \u00e9 um nutriente essencial para a produ\u00e7\u00e3o de queratina, a principal prote\u00edna do cabelo. Sua presen\u00e7a pode fortalecer as fibras capilares e prevenir o enfraquecimento. Al\u00e9m disso, os antioxidantes ajudam a combater os danos oxidativos, que est\u00e3o associados ao envelhecimento e \u00e0 queda de cabelo. <\/p>\n<p>Potencial al\u00e9m da alopecia areata<\/p>\n<p class=\" content-text__container \" data-track-category=\"Link no Texto\" data-track-links=\"\"> Embora o estudo tenha se concentrado na alopecia areata, as descobertas abriram caminho para futuras pesquisas sobre outros tipos de queda de cabelo, como a alopecia androgen\u00e9tica, a forma mais comum e de origem hormonal. O suco de cebola, rico em nutrientes e antioxidantes, pode se tornar um complemento natural \u00e0s rotinas de cuidados com os cabelos. <\/p>\n<p class=\" content-text__container \" data-track-category=\"Link no Texto\" data-track-links=\"\"> In\u00fameras pessoas j\u00e1 relatam experi\u00eancias positivas ap\u00f3s o uso deste rem\u00e9dio caseiro, descrevendo cabelos mais fortes e com apar\u00eancia mais saud\u00e1vel. No entanto, especialistas alertam que esses relatos devem ser interpretados com cautela at\u00e9 que estudos cl\u00ednicos controlados de maior porte estejam dispon\u00edveis. <\/p>\n<p>Advert\u00eancia m\u00e9dica: benef\u00edcios sim, milagres n\u00e3o<\/p>\n<p class=\" content-text__container \" data-track-category=\"Link no Texto\" data-track-links=\"\"> Dermatologistas enfatizam que, embora os resultados do estudo sejam encorajadores, a cebola n\u00e3o deve ser considerada uma cura definitiva para a alopecia. Cada tipo de queda de cabelo tem causas diferentes e o tratamento deve ser personalizado. Antes de iniciar qualquer aplica\u00e7\u00e3o t\u00f3pica ou rem\u00e9dio natural, recomenda-se consultar um especialista. <\/p>\n<p>Por que o cabelo cai? Um problema multifatorial<\/p>\n<p class=\" content-text__container \" data-track-category=\"Link no Texto\" data-track-links=\"\"> A queda de cabelo pode ter muitas causas. Entre as mais comuns est\u00e3o: <\/p>\n<ul class=\"content-unordered-list\">\n<li>Fatores gen\u00e9ticos e hormonais (alopecia androgen\u00e9tica)<\/li>\n<li>Estresse f\u00edsico ou emocional<\/li>\n<li>Doen\u00e7as autoimunes (como alopecia areata)<\/li>\n<li>Defici\u00eancias nutricionais<\/li>\n<li>Uso excessivo de produtos qu\u00edmicos ou ferramentas t\u00e9rmicas<\/li>\n<\/ul>\n<p class=\" content-text__container \" data-track-category=\"Link no Texto\" data-track-links=\"\"> Portanto, os especialistas sugerem abordar o problema de forma hol\u00edstica, combinando uma dieta equilibrada, h\u00e1bitos saud\u00e1veis \u200b\u200be tratamentos m\u00e9dicos ou naturais sob supervis\u00e3o profissional. <\/p>\n<p class=\" content-text__container \" data-track-category=\"Link no Texto\" data-track-links=\"\"> Manter um estilo de vida saud\u00e1vel, reduzir o estresse e consultar regularmente um dermatologista continuam sendo as melhores estrat\u00e9gias para preservar cabelos fortes e saud\u00e1veis. <\/p>\n","protected":false},"excerpt":{"rendered":"A queda de cabelo \u00e9 um problema que preocupa homens e mulheres. No entanto, um novo estudo cient\u00edfico&hellip;\n","protected":false},"author":2,"featured_media":140598,"comment_status":"","ping_status":"","sticky":false,"template":"","format":"standard","meta":{"footnotes":""},"categories":[86],"tags":[319,116,32,33,117],"class_list":{"0":"post-140597","1":"post","2":"type-post","3":"status-publish","4":"format-standard","5":"has-post-thumbnail","7":"category-saude","8":"tag-hard-news","9":"tag-health","10":"tag-portugal","11":"tag-pt","12":"tag-saude"},"share_on_mastodon":{"url":"https:\/\/pubeurope.com\/@pt\/115497613824908200","error":""},"_links":{"self":[{"href":"https:\/\/www.europesays.com\/pt\/wp-json\/wp\/v2\/posts\/140597","targetHints":{"allow":["GET"]}}],"collection":[{"href":"https:\/\/www.europesays.com\/pt\/wp-json\/wp\/v2\/posts"}],"about":[{"href":"https:\/\/www.europesays.com\/pt\/wp-json\/wp\/v2\/types\/post"}],"author":[{"embeddable":true,"href":"https:\/\/www.europesays.com\/pt\/wp-json\/wp\/v2\/users\/2"}],"replies":[{"embeddable":true,"href":"https:\/\/www.europesays.com\/pt\/wp-json\/wp\/v2\/comments?post=140597"}],"version-history":[{"count":0,"href":"https:\/\/www.europesays.com\/pt\/wp-json\/wp\/v2\/posts\/140597\/revisions"}],"wp:featuredmedia":[{"embeddable":true,"href":"https:\/\/www.europesays.com\/pt\/wp-json\/wp\/v2\/media\/140598"}],"wp:attachment":[{"href":"https:\/\/www.europesays.com\/pt\/wp-json\/wp\/v2\/media?parent=140597"}],"wp:term":[{"taxonomy":"category","embeddable":true,"href":"https:\/\/www.europesays.com\/pt\/wp-json\/wp\/v2\/categories?post=140597"},{"taxonomy":"post_tag","embeddable":true,"href":"https:\/\/www.europesays.com\/pt\/wp-json\/wp\/v2\/tags?post=140597"}],"curies":[{"name":"wp","href":"https:\/\/api.w.org\/{rel}","templated":true}]}}