{"id":140601,"date":"2025-11-05T14:44:16","date_gmt":"2025-11-05T14:44:16","guid":{"rendered":"https:\/\/www.europesays.com\/pt\/140601\/"},"modified":"2025-11-05T14:44:16","modified_gmt":"2025-11-05T14:44:16","slug":"lula-da-silva-garante-que-operacao-no-rio-de-janeiro-nao-tinha-ordem-de-matanca","status":"publish","type":"post","link":"https:\/\/www.europesays.com\/pt\/140601\/","title":{"rendered":"Lula da Silva garante que opera\u00e7\u00e3o no Rio de Janeiro n\u00e3o tinha \u201cordem de matan\u00e7a\u201d"},"content":{"rendered":"\n<p><strong>&#8220;O dado concreto \u00e9 que a opera\u00e7\u00e3o, do ponto de vista da quantidade de mortes, as pessoas podem considerar um sucesso, mas do ponto de vista da a\u00e7\u00e3o do Estado, eu acho que ela foi desastrosa&#8221;<\/strong>, frisou o chefe de Estado brasileiro.<\/p>\n<p>Lula da Silva refor\u00e7ou: <strong>&#8220;vamos ver se a gente consegue fazer essa investiga\u00e7\u00e3o\u201d<\/strong>, at\u00e9 porque \u00e9 <strong>&#8220;\u00e9 importante ver em que condi\u00e7\u00f5es se deu&#8221;<\/strong> a opera\u00e7\u00e3o.<\/p>\n<p>Ainda assim, o chefe de Estado brasileiro refor\u00e7ou que \u00e9 necess\u00e1rio empenho por parte do Governo Federal e dos estados para \u201ccombater a fa\u00e7\u00e3o [criminosa] e a brutalidade que existe em S\u00e3o Paulo, no Rio de Janeiro e no Brasil\u201d.<\/p>\n<p><strong>\u201cN\u00f3s estamos trabalhando de forma muito forte para que a gente possa tentar fazer com que a sociedade possa  viver em paz, em muita tranquilidade\u201d<\/strong>, garantiu, recordando que na semana passada promulgou uma lei anti-fa\u00e7\u00e3o que aumenta as penas de pris\u00e3o para os membros destas organiza\u00e7\u00f5es criminosas.<\/p>\n<p>Os complexos de favelas da Penha e do Alem\u00e3o, situados numa regi\u00e3o onde vivem cerca de 200 mil pessoas, foram palco na semana passada da opera\u00e7\u00e3o policial mais letal j\u00e1 registada no Brasil.<\/p>\n<p>At\u00e9 agora, o Governo do estado do Rio de Janeiro reconheceu 121 mortos, enquanto, a Defensoria P\u00fablica aponta que o n\u00famero de v\u00edtimas mortais chega a 132.<\/p>\n<p>O governador do Rio de Janeiro, Cl\u00e1udio Castro, e as for\u00e7as de seguran\u00e7a do estado celebraram publicamente a \u201cbem-sucedida\u201d opera\u00e7\u00e3o que, segundo estes, teve apenas quatro v\u00edtimas, sendo estas os agentes que morreram durante a a\u00e7\u00e3o.<\/p>\n<p>A Secretaria de Seguran\u00e7a P\u00fablica do estado divulgou um primeiro relat\u00f3rio de identifica\u00e7\u00e3o dos corpos, no qual afirma que a grande maioria dos 121 mortos tinha antecedentes criminais por delitos graves, como tr\u00e1fico de droga e homic\u00eddio.<\/p>\n<p>Al\u00e9m dos 121 mortos, a pol\u00edcia informou que 133 pessoas foram detidas e mais de 90 espingardas autom\u00e1ticas apreendidas.<\/p>\n<p>Lula diz que vai recandidatar-se para que \u201cnunca mais\u201d\u00a0a extrema-direita governe o Brasil\u00a0<\/p>\n<p>Lula da Silva afirmou ainda que vai recandidatar-se para que &#8220;nunca mais algu\u00e9m de extrema-direita, negacionista&#8221;, governe\u00a0o pa\u00eds.<\/p>\n<p>&#8220;Eu sei da dificuldade, mas, se depender de mim, nunca mais algu\u00e9m de extrema-direita, negacionista, vai governar esse pa\u00eds&#8221;, disse, acrescentando que a sua miss\u00e3o \u00e9 fazer com que o povo compreenda &#8220;a diferen\u00e7a\u00a0da democracia com o autoritarismo&#8221;.<\/p>\n<p>Em outubro, Lula da Silva quebrou, finalmente o \u2018tabu\u2019 e anunciou a recandidatura \u00e0s elei\u00e7\u00f5es de outubro de 2026, durante a sua viagem \u00e0 Indon\u00e9sia.<\/p>\n<p>Aos 80 anos, indicou que, para ser candidato, \u00e9 necess\u00e1rio ter sa\u00fade, mas assegurou ter bastantes cuidados, adiantando que se encontra no melhor momento da sua vida, em termos pessoais e pol\u00edticos.<\/p>\n<p>Lula da Silva lidera todos os cen\u00e1rios de inten\u00e7\u00e3o de voto face a qualquer um dos prov\u00e1veis candidatos. Caso ven\u00e7a, ser\u00e1 a primeira vez que um mesmo candidato exerce por quatro vezes a chefia de Estado no Brasil.<\/p>\n<p>Jair Bolsonaro, impedido de concorrer a quaisquer elei\u00e7\u00f5es nos pr\u00f3ximos oitos anos, ainda n\u00e3o disse quem ser\u00e1 o seu sucessor pol\u00edtico.<\/p>\n<p>Para al\u00e9m disso, o Supremo Tribunal Federal (STF) do Brasil come\u00e7a a apreciar, a 07 de novembro, o recurso apresentado pelo ex-presidente contra a condena\u00e7\u00e3o de mais de 27 anos de pris\u00e3o.<\/p>\n<p>Em 11 de setembro, Bolsonaro e sete dos seus mais pr\u00f3ximos colaboradores, entre antigos ministros e altos comandos militares, foram condenados por orquestrarem um golpe ap\u00f3s perderem as elei\u00e7\u00f5es de 2022, vencidas pelo atual presidente, Lula da Silva.<\/p>\n<p>O ex-chefe de Estado recebeu a pena mais severa de todas por ter sido considerado o l\u00edder da &#8220;organiza\u00e7\u00e3o criminosa&#8221; que procurou &#8220;perpetuar-se no poder&#8221;.<\/p>\n<p>A senten\u00e7a foi publicada em 22 de outubro, data a partir da qual se abriu o prazo para apresenta\u00e7\u00e3o de recursos.<\/p>\n<p>Contudo, este primeiro recurso n\u00e3o avaliar\u00e1 o m\u00e9rito da condena\u00e7\u00e3o e limitar-se-\u00e1 apenas a quest\u00f5es formais.<\/p>\n<p>A defesa de Jair Bolsonaro pediu na segunda-feira ao STF a redu\u00e7\u00e3o da pena, num recurso em que alegou que o direito \u00e0 ampla defesa foi violado.<\/p>\n<p>Os advogados de Bolsonaro alegaram que o ex-chefe de Estado foi condenado com base numa confiss\u00e3o &#8220;viciada e contradit\u00f3ria&#8221; de um dos seus ex-assessores, bem como erros jur\u00eddicos do STF, ao puni-lo por golpe de Estado e por aboli\u00e7\u00e3o violenta do Estado democr\u00e1tico de direito, que consideram ser o mesmo crime.<\/p>\n<p>Antes da execu\u00e7\u00e3o da senten\u00e7a, a defesa do ex-presidente ainda poder\u00e1 apresentar outro recurso.<\/p>\n<p>Uma vez julgados os recursos, mantendo-se a condena\u00e7\u00e3o, o STF dever\u00e1 ordenar a execu\u00e7\u00e3o das penas e definir onde ser\u00e3o cumpridas.<\/p>\n<p>Bolsonaro, de 70 anos, encontra-se em pris\u00e3o domicili\u00e1ria na sua resid\u00eancia em Bras\u00edlia, desde agosto.<\/p>\n","protected":false},"excerpt":{"rendered":"&#8220;O dado concreto \u00e9 que a opera\u00e7\u00e3o, do ponto de vista da quantidade de mortes, as pessoas podem&hellip;\n","protected":false},"author":2,"featured_media":140602,"comment_status":"","ping_status":"","sticky":false,"template":"","format":"standard","meta":{"footnotes":""},"categories":[50],"tags":[726,27,28,15,16,14,25,26,6662,21,22,31216,62,12,13,19,20,23,24,2326,17,18,29,30,31,63,64,65],"class_list":{"0":"post-140601","1":"post","2":"type-post","3":"status-publish","4":"format-standard","5":"has-post-thumbnail","7":"category-mundo","8":"tag-brasil","9":"tag-breaking-news","10":"tag-breakingnews","11":"tag-featured-news","12":"tag-featurednews","13":"tag-headlines","14":"tag-latest-news","15":"tag-latestnews","16":"tag-lula-da-silva","17":"tag-main-news","18":"tag-mainnews","19":"tag-megaoperacao","20":"tag-mundo","21":"tag-news","22":"tag-noticias","23":"tag-noticias-principais","24":"tag-noticiasprincipais","25":"tag-principais-noticias","26":"tag-principaisnoticias","27":"tag-rio-de-janeiro","28":"tag-top-stories","29":"tag-topstories","30":"tag-ultimas","31":"tag-ultimas-noticias","32":"tag-ultimasnoticias","33":"tag-world","34":"tag-world-news","35":"tag-worldnews"},"share_on_mastodon":{"url":"https:\/\/pubeurope.com\/@pt\/115497629455363465","error":""},"_links":{"self":[{"href":"https:\/\/www.europesays.com\/pt\/wp-json\/wp\/v2\/posts\/140601","targetHints":{"allow":["GET"]}}],"collection":[{"href":"https:\/\/www.europesays.com\/pt\/wp-json\/wp\/v2\/posts"}],"about":[{"href":"https:\/\/www.europesays.com\/pt\/wp-json\/wp\/v2\/types\/post"}],"author":[{"embeddable":true,"href":"https:\/\/www.europesays.com\/pt\/wp-json\/wp\/v2\/users\/2"}],"replies":[{"embeddable":true,"href":"https:\/\/www.europesays.com\/pt\/wp-json\/wp\/v2\/comments?post=140601"}],"version-history":[{"count":0,"href":"https:\/\/www.europesays.com\/pt\/wp-json\/wp\/v2\/posts\/140601\/revisions"}],"wp:featuredmedia":[{"embeddable":true,"href":"https:\/\/www.europesays.com\/pt\/wp-json\/wp\/v2\/media\/140602"}],"wp:attachment":[{"href":"https:\/\/www.europesays.com\/pt\/wp-json\/wp\/v2\/media?parent=140601"}],"wp:term":[{"taxonomy":"category","embeddable":true,"href":"https:\/\/www.europesays.com\/pt\/wp-json\/wp\/v2\/categories?post=140601"},{"taxonomy":"post_tag","embeddable":true,"href":"https:\/\/www.europesays.com\/pt\/wp-json\/wp\/v2\/tags?post=140601"}],"curies":[{"name":"wp","href":"https:\/\/api.w.org\/{rel}","templated":true}]}}