{"id":140605,"date":"2025-11-05T14:46:17","date_gmt":"2025-11-05T14:46:17","guid":{"rendered":"https:\/\/www.europesays.com\/pt\/140605\/"},"modified":"2025-11-05T14:46:17","modified_gmt":"2025-11-05T14:46:17","slug":"chuva-vento-e-raios-protecao-civil-com-registo-de-784-ocorrencias","status":"publish","type":"post","link":"https:\/\/www.europesays.com\/pt\/140605\/","title":{"rendered":"Chuva, vento e raios. Prote\u00e7\u00e3o Civil com registo de 784 ocorr\u00eancias"},"content":{"rendered":"<p>&#13;<br \/>\n<b>&#8220;Foram 435 inunda\u00e7\u00f5es, 163 quedas de \u00e1rvore, 77 limpezas de via, 76 quedas de estruturas e 31 movimentos de massa, ou seja, quedas de pedras e terras, e tamb\u00e9m um salvamento aqu\u00e1tico&#8221;<\/b>, adiantou o oficial de opera\u00e7\u00f5es Jos\u00e9 Costa, citado pela ag\u00eancia Lusa.Lisboa e Vale do Tejo foi a regi\u00e3o mais atingida, &#13;<br \/>\nsomando 409 ocorr\u00eancias. Seguiram-se as regi\u00f5es centro, com 191 &#13;<br \/>\nocorr\u00eancias, norte, com 132, e Alentejo, com 52.&#13;\n<\/p>\n<p>&#13;<br \/>\nO mesmo respons\u00e1vel fez refer\u00eancia, designadamente, a um salvamento na Praia do Sul, na Ericeira, concelho de Mafra: <b>&#8220;Duas pessoas foram retiradas do mar e transportadas ao hospital com ferimentos leves&#8221;<\/b>.&#13;\n<\/p>\n<p>&#13;<br \/>\nH\u00e1 tamb\u00e9m not\u00edcia de <b>uma pessoa desalojada em Pa\u00e7o de Arcos, Oeiras<\/b>, depois de a sua habita\u00e7\u00e3o ter ficado danificada pela intemp\u00e9rie.&#13;\n<\/p>\n<p>&#8220;Mant\u00eam-se os avisos meteorol\u00f3gicos em vigor, mas, ao que parece, <b>as coisas est\u00e3o a melhorar, ou melhorando progressivamente, mas ainda temos um conjunto de avisos meteorol\u00f3gicos de precipita\u00e7\u00e3o, vento, trovoada e agita\u00e7\u00e3o mar\u00edtima at\u00e9 ao fim do dia<\/b>&#8220;, fez notar Jos\u00e9 Costa.<br \/>\n          <img decoding=\"async\" itemprop=\"image\" class=\"img-fluid\"   src=\"https:\/\/www.europesays.com\/pt\/wp-content\/uploads\/2025\/11\/f73335e48fe51df28de1c17bad3fd5d0_N.jpg\"\/><\/p>\n<p>Jornal da Tarde | 5 de novembro<br \/>&#13;<\/p>\n<p>\nA resposta \u00e0s ocorr\u00eancias mobilizou, em todo o territ\u00f3rio de Portugal continental, 2.841 operacionais e 984 meios terrestres.<\/p>\n<p>O territ\u00f3rio continental est\u00e1 a ser atingido por uma superf\u00edcie frontal fria de atividade moderada a forte, que acarreta chuva, trovoadas e vento, de acordo com o Instituto Portugu\u00eas do Mar e da Atmosfera.<br \/>&#13;<br \/>\n&#8220;Perto de 25 mil clientes&#8221; sem energia el\u00e9trica<br \/>&#13;<br \/>\nAo in\u00edcio da tarde desta quarta-feira, <b>havia &#8220;perto de 25 mil clientes&#8221; privados do abastecimento de energia el\u00e9trica, na sequ\u00eancia das falhas causadas pela intemp\u00e9rie da \u00faltima madrugada em Portugal continental. O balan\u00e7o \u00e9 da E-REDES<\/b>.<\/p>\n<p>A Distribui\u00e7\u00e3o de Energia El\u00e9trica em Portugal &#8220;tem mobilizados no terreno 500 operacionais, para dar uma resposta robusta e eficaz aos constrangimentos e falhas de eletricidade que se foram sentindo um pouco por todo o pa\u00eds&#8221;.   <\/p>\n<p><b>\u00c0s 13h00, o IPMA dava conta de 47.676 raios em 24 horas<\/b>. O apuramento assenta na rede de dete\u00e7\u00e3o e localiza\u00e7\u00e3o de descargas el\u00e9tricas atmosf\u00e9ricas do IPMA em Portugal continental, distribu\u00edda por Viana do Castelo, Bragan\u00e7a, Castelo Branco, Santa Cruz e Olh\u00e3o.<\/p>\n<p>&#8220;Pode-se dizer que <b>este \u00e9 um evento com um grau de excecionalidade<\/b>&#8220;, admitiu, em <b><a href=\"https:\/\/www.rtp.pt\/noticias\/pais\/numero-de-raios-nas-ultimas-24-em-portugal-e-algo-excecional_n1696170\" target=\"_blank\" rel=\"nofollow noopener\">declara\u00e7\u00f5es \u00e0 Lusa<\/a><\/b>, o meteorologista Pedro Sousa.<\/p>\n<p>&#8220;N\u00e3o acontece certamente todos os anos haver um evento com esta magnitude e com esta frequ\u00eancia de descargas el\u00e9tricas&#8221;, acentuou. <\/p>\n<p>c\/ Lusa<br \/>&#13;\n            <\/p>\n","protected":false},"excerpt":{"rendered":"&#13; &#8220;Foram 435 inunda\u00e7\u00f5es, 163 quedas de \u00e1rvore, 77 limpezas de via, 76 quedas de estruturas e 31&hellip;\n","protected":false},"author":2,"featured_media":140606,"comment_status":"","ping_status":"","sticky":false,"template":"","format":"standard","meta":{"footnotes":""},"categories":[8],"tags":[27,28,15,16,14,25,26,21,22,30028,12,13,19,20,31217,32,23,24,6821,33,17,18,29,30,31],"class_list":{"0":"post-140605","1":"post","2":"type-post","3":"status-publish","4":"format-standard","5":"has-post-thumbnail","7":"category-principais-noticias","8":"tag-breaking-news","9":"tag-breakingnews","10":"tag-featured-news","11":"tag-featurednews","12":"tag-headlines","13":"tag-latest-news","14":"tag-latestnews","15":"tag-main-news","16":"tag-mainnews","17":"tag-mau","18":"tag-news","19":"tag-noticias","20":"tag-noticias-principais","21":"tag-noticiasprincipais","22":"tag-paco","23":"tag-portugal","24":"tag-principais-noticias","25":"tag-principaisnoticias","26":"tag-protecao","27":"tag-pt","28":"tag-top-stories","29":"tag-topstories","30":"tag-ultimas","31":"tag-ultimas-noticias","32":"tag-ultimasnoticias"},"share_on_mastodon":{"url":"https:\/\/pubeurope.com\/@pt\/115497637412402007","error":""},"_links":{"self":[{"href":"https:\/\/www.europesays.com\/pt\/wp-json\/wp\/v2\/posts\/140605","targetHints":{"allow":["GET"]}}],"collection":[{"href":"https:\/\/www.europesays.com\/pt\/wp-json\/wp\/v2\/posts"}],"about":[{"href":"https:\/\/www.europesays.com\/pt\/wp-json\/wp\/v2\/types\/post"}],"author":[{"embeddable":true,"href":"https:\/\/www.europesays.com\/pt\/wp-json\/wp\/v2\/users\/2"}],"replies":[{"embeddable":true,"href":"https:\/\/www.europesays.com\/pt\/wp-json\/wp\/v2\/comments?post=140605"}],"version-history":[{"count":0,"href":"https:\/\/www.europesays.com\/pt\/wp-json\/wp\/v2\/posts\/140605\/revisions"}],"wp:featuredmedia":[{"embeddable":true,"href":"https:\/\/www.europesays.com\/pt\/wp-json\/wp\/v2\/media\/140606"}],"wp:attachment":[{"href":"https:\/\/www.europesays.com\/pt\/wp-json\/wp\/v2\/media?parent=140605"}],"wp:term":[{"taxonomy":"category","embeddable":true,"href":"https:\/\/www.europesays.com\/pt\/wp-json\/wp\/v2\/categories?post=140605"},{"taxonomy":"post_tag","embeddable":true,"href":"https:\/\/www.europesays.com\/pt\/wp-json\/wp\/v2\/tags?post=140605"}],"curies":[{"name":"wp","href":"https:\/\/api.w.org\/{rel}","templated":true}]}}